{"id":16851,"date":"2024-07-21T13:09:08","date_gmt":"2024-07-21T11:09:08","guid":{"rendered":"https:\/\/www.handball-ulm.de\/?p=16851"},"modified":"2024-08-01T13:34:05","modified_gmt":"2024-08-01T11:34:05","slug":"gaenswiescup-2024","status":"publish","type":"post","link":"https:\/\/www.handball-ulm.de\/?p=16851","title":{"rendered":"G\u00e4nswiescup 2024"},"content":{"rendered":"\n<p>Insgesamt 30 Mannschaften waren beim diesj\u00e4hrigen G\u00e4nswiescup am Start und k\u00e4mpften um die Pokale.<br>Von den Kleinsten, den Minis im Alter von 5 Jahren bis hin zu den Kindern der D-Jugenden im Alter bis 12 Jahren zeigten alle ihr K\u00f6nnen.<br>Das Wetter meinte es besonders gut und bescherte uns einen strahlend blauen Himmel bei hei\u00dfen 30 Grad.<br>Gl\u00fccklicherweise hatte die benachbarte Hockeyabteilung Abk\u00fchlung durch einen Rasensprenger.<br>Auch innerlich konnte man sich wunderbar abk\u00fchlen mit dem Eis der <code><a href=\"https:\/\/www.eis-galerie.de\/\">Eisgalerie<\/a><\/code> und den Getr\u00e4nken der Hockeyabteilung. <\/p>\n\n\n\n<figure class=\"wp-block-image size-large\"><img loading=\"lazy\" decoding=\"async\" width=\"876\" height=\"1024\" src=\"https:\/\/www.handball-ulm.de\/wp-content\/uploads\/2024\/08\/20240720_114529-876x1024.jpg\" alt=\"\" class=\"wp-image-16854\" srcset=\"https:\/\/www.handball-ulm.de\/wp-content\/uploads\/2024\/08\/20240720_114529-876x1024.jpg 876w, https:\/\/www.handball-ulm.de\/wp-content\/uploads\/2024\/08\/20240720_114529-257x300.jpg 257w, https:\/\/www.handball-ulm.de\/wp-content\/uploads\/2024\/08\/20240720_114529-768x898.jpg 768w, https:\/\/www.handball-ulm.de\/wp-content\/uploads\/2024\/08\/20240720_114529-1314x1536.jpg 1314w, https:\/\/www.handball-ulm.de\/wp-content\/uploads\/2024\/08\/20240720_114529-1170x1368.jpg 1170w, https:\/\/www.handball-ulm.de\/wp-content\/uploads\/2024\/08\/20240720_114529.jpg 1662w\" sizes=\"(max-width: 876px) 100vw, 876px\" \/><\/figure>\n\n\n\n<p>Auch in diesem Jahr gab es am Schw\u00f6r-Samstag auf dem Vereinsgel\u00e4nde jede Menge Bewegung, Spiel und Spa\u00df f\u00fcr kleine und gro\u00dfe Sportlerinnen und Sportler. Beim <strong>Sportfest f\u00fcr die ganze Familie<\/strong> wurde einiges geboten. Der ganze SSV Ulm 1846 mit seinen Abteilungen war am <strong>20. Juli 2024 ab 11:00 Uhr<\/strong> auf den Beinen und bot ein breites, sportliches Mitmachprogramm an \u2013 vom Mini-Kids-Turnparcours f\u00fcr die ganz jungen Sportlerinnen und Sportler bis hin zum Mixed-Beachvolleyball-Turnier f\u00fcr Erwachsene.<\/p>\n\n\n\n<p>Auch die Partner und Sponsoren sind an diesem sportlichen Gro\u00dfevent am Start. An den Aktionsst\u00e4nden von Beurer, der AOK oder zum Beispiel der S\u00fcdwestpresse warteten ebenfalls spannende, sportliche Aufgaben und Mitmachaktionen auf die Besucher.&nbsp;<\/p>\n\n\n\n<p>Wer etwas Neues ausprobieren wollte, konnte beim Super-Zorbing im \u00fcberdimensionalen Ball \u00fcber die G\u00e4nswiese rollen oder mit den Segways der SWU \u00fcber den Platz d\u00fcsen.<\/p>\n\n\n\n<p>Das Beste war dann auch d<strong>ie Schw\u00f6rsporttag Sport-Kids-Olympiade<\/strong> &#8211; das Herzst\u00fcck des sportlichen Festes!&nbsp;<br><br>Ab <strong>11:00 Uhr<\/strong> startete das bunte Treiben auf der G\u00e4nswies&#8216;. Der sportliche Stationenlauf, die <strong>Sport-Kids Olympiade<\/strong> konnte auch in diesem Jahr wieder p\u00fcnktlich ab 11:00 Uhr absolviert werden. An den verschiedenen St\u00e4nden auf dem Vereinsgel\u00e4nde konnTen Nachwuchssportlerinnen und -Sportler zeigen, was sie drauf haben. <\/p>\n\n\n\n<p>Am 20. Juli hie\u00df es dann: Laufzettel abholen und an so vielen sportlichen Stationen wie m\u00f6glich an diesem Tag die Aufgaben absolvieren. Wenn der Laufzettel gut gef\u00fcllt mit Stempeln war, schnell die Karte in den Lostopf werfen f\u00fcr die Tombola. Die ber\u00fchmt-ber\u00fcchtigte <strong>Sport-Kids Olympiade Tombola<\/strong> fand um <strong>16:00 Uhr<\/strong> im Festzelt statt. In diesem Jahr waren alle abgegebenen Karten Gewinner und es gab richtig coole, sportliche Preise in der Tombola Preisekiste.<\/p>\n\n\n\n<p>Alle Kinder freuen sich nun schon auf das n\u00e4chste Jahr, wenn wieder zum G\u00e4nswiescup gerufen wird.<\/p>\n\n\n\n<p>Wir danken unseren Sponsoren Immobilien <code><a href=\"https:\/\/www.dahlercompany.com\/de\/immobilienmakler\/wohnimmobilien\/baden-wuerttemberg\/ulm?gad_source=1&amp;gclid=EAIaIQobChMIv8qtitjThwMVrUJBAh3QazThEAAYASAAEgJ8rvD_BwE\">Dahler<\/a><\/code>, <code><a href=\"https:\/\/www.donauphysiotherapie.de\/\">Donauphysiotherapie<\/a><\/code>, Arbeitssicherheit <code><a href=\"https:\/\/sicherheitsingenieur.de\/\">Heinzelmann<\/a><\/code>, <code><a href=\"https:\/\/www.bigbaba.info\/\">Big Baba<\/a><\/code>, <code><a href=\"https:\/\/www.twe-immobilien.de\/\">TWE<\/a><\/code> und unserem Fotografen <code><a href=\"https:\/\/www.fotopraxxis-ulm.de\/\">Simon Reitz<\/a><\/code>.<\/p>\n\n\n\n<figure class=\"wp-block-image size-large\"><img loading=\"lazy\" decoding=\"async\" width=\"1024\" height=\"683\" src=\"https:\/\/www.handball-ulm.de\/wp-content\/uploads\/2024\/08\/6H0A2343-1024x683.jpg\" alt=\"\" class=\"wp-image-16860\" srcset=\"https:\/\/www.handball-ulm.de\/wp-content\/uploads\/2024\/08\/6H0A2343-1024x683.jpg 1024w, https:\/\/www.handball-ulm.de\/wp-content\/uploads\/2024\/08\/6H0A2343-300x200.jpg 300w, https:\/\/www.handball-ulm.de\/wp-content\/uploads\/2024\/08\/6H0A2343-768x512.jpg 768w, https:\/\/www.handball-ulm.de\/wp-content\/uploads\/2024\/08\/6H0A2343-600x400.jpg 600w, https:\/\/www.handball-ulm.de\/wp-content\/uploads\/2024\/08\/6H0A2343-1536x1025.jpg 1536w, https:\/\/www.handball-ulm.de\/wp-content\/uploads\/2024\/08\/6H0A2343-1170x781.jpg 1170w, https:\/\/www.handball-ulm.de\/wp-content\/uploads\/2024\/08\/6H0A2343.jpg 1920w\" sizes=\"(max-width: 1024px) 100vw, 1024px\" \/><\/figure>\n\n\n\n<figure class=\"wp-block-image size-large\"><img loading=\"lazy\" decoding=\"async\" width=\"1024\" height=\"656\" src=\"https:\/\/www.handball-ulm.de\/wp-content\/uploads\/2024\/08\/20240720_141652-1024x656.jpg\" alt=\"\" class=\"wp-image-16852\" srcset=\"https:\/\/www.handball-ulm.de\/wp-content\/uploads\/2024\/08\/20240720_141652-1024x656.jpg 1024w, https:\/\/www.handball-ulm.de\/wp-content\/uploads\/2024\/08\/20240720_141652-300x192.jpg 300w, https:\/\/www.handball-ulm.de\/wp-content\/uploads\/2024\/08\/20240720_141652-768x492.jpg 768w, https:\/\/www.handball-ulm.de\/wp-content\/uploads\/2024\/08\/20240720_141652-1536x984.jpg 1536w, https:\/\/www.handball-ulm.de\/wp-content\/uploads\/2024\/08\/20240720_141652-2048x1312.jpg 2048w, https:\/\/www.handball-ulm.de\/wp-content\/uploads\/2024\/08\/20240720_141652-1170x750.jpg 1170w\" sizes=\"(max-width: 1024px) 100vw, 1024px\" \/><\/figure>\n","protected":false},"excerpt":{"rendered":"<p>30 Mannschaften <\/p>\n<br\/><br\/><a class=\"read-more\" href=\"https:\/\/www.handball-ulm.de\/?p=16851\"> Mehr lesen...<\/a>","protected":false},"author":10,"featured_media":16855,"comment_status":"closed","ping_status":"closed","sticky":false,"template":"","format":"standard","meta":{"ngg_post_thumbnail":0,"footnotes":""},"categories":[93,90,63],"tags":[],"_links":{"self":[{"href":"https:\/\/www.handball-ulm.de\/index.php?rest_route=\/wp\/v2\/posts\/16851"}],"collection":[{"href":"https:\/\/www.handball-ulm.de\/index.php?rest_route=\/wp\/v2\/posts"}],"about":[{"href":"https:\/\/www.handball-ulm.de\/index.php?rest_route=\/wp\/v2\/types\/post"}],"author":[{"embeddable":true,"href":"https:\/\/www.handball-ulm.de\/index.php?rest_route=\/wp\/v2\/users\/10"}],"replies":[{"embeddable":true,"href":"https:\/\/www.handball-ulm.de\/index.php?rest_route=%2Fwp%2Fv2%2Fcomments&post=16851"}],"version-history":[{"count":3,"href":"https:\/\/www.handball-ulm.de\/index.php?rest_route=\/wp\/v2\/posts\/16851\/revisions"}],"predecessor-version":[{"id":16861,"href":"https:\/\/www.handball-ulm.de\/index.php?rest_route=\/wp\/v2\/posts\/16851\/revisions\/16861"}],"wp:featuredmedia":[{"embeddable":true,"href":"https:\/\/www.handball-ulm.de\/index.php?rest_route=\/wp\/v2\/media\/16855"}],"wp:attachment":[{"href":"https:\/\/www.handball-ulm.de\/index.php?rest_route=%2Fwp%2Fv2%2Fmedia&parent=16851"}],"wp:term":[{"taxonomy":"category","embeddable":true,"href":"https:\/\/www.handball-ulm.de\/index.php?rest_route=%2Fwp%2Fv2%2Fcategories&post=16851"},{"taxonomy":"post_tag","embeddable":true,"href":"https:\/\/www.handball-ulm.de\/index.php?rest_route=%2Fwp%2Fv2%2Ftags&post=16851"}],"curies":[{"name":"wp","href":"https:\/\/api.w.org\/{rel}","templated":true}]}}