{"id":16605,"date":"2024-06-16T19:03:00","date_gmt":"2024-06-16T17:03:00","guid":{"rendered":"https:\/\/www.handball-ulm.de\/?p=16605"},"modified":"2024-06-19T15:11:45","modified_gmt":"2024-06-19T13:11:45","slug":"wjc-bezirksoberliga-wir-kommen","status":"publish","type":"post","link":"https:\/\/www.handball-ulm.de\/?p=16605","title":{"rendered":"wJC &#8211; Bezirksoberliga wir kommen!"},"content":{"rendered":"\n<figure class=\"wp-block-image size-full\"><img loading=\"lazy\" decoding=\"async\" width=\"811\" height=\"610\" src=\"https:\/\/www.handball-ulm.de\/wp-content\/uploads\/2024\/06\/Foto_wC_24_06_16_Quali2_SpielGegenLehr.jpg\" alt=\"\" class=\"wp-image-16606\" srcset=\"https:\/\/www.handball-ulm.de\/wp-content\/uploads\/2024\/06\/Foto_wC_24_06_16_Quali2_SpielGegenLehr.jpg 811w, https:\/\/www.handball-ulm.de\/wp-content\/uploads\/2024\/06\/Foto_wC_24_06_16_Quali2_SpielGegenLehr-300x226.jpg 300w, https:\/\/www.handball-ulm.de\/wp-content\/uploads\/2024\/06\/Foto_wC_24_06_16_Quali2_SpielGegenLehr-768x578.jpg 768w\" sizes=\"(max-width: 811px) 100vw, 811px\" \/><\/figure>\n\n\n\n<p>In der 2. Qualifikationsrunde zur Bezirksoberliga haben unsere M\u00e4dels alle Spiele gewonnen. Am Ende stand unser Team auf Platz 1 mit 10 : 0 Punkten.<\/p>\n\n\n\n<p>Unsere M\u00e4dels k\u00f6nnen auf sich stolz sein, ihr Ziel \u201eBezirksoberliga\u201c erreicht zu haben!<\/p>\n\n\n\n<figure class=\"wp-block-image size-full\"><img loading=\"lazy\" decoding=\"async\" width=\"704\" height=\"450\" src=\"https:\/\/www.handball-ulm.de\/wp-content\/uploads\/2024\/06\/wc.png\" alt=\"\" class=\"wp-image-16610\" srcset=\"https:\/\/www.handball-ulm.de\/wp-content\/uploads\/2024\/06\/wc.png 704w, https:\/\/www.handball-ulm.de\/wp-content\/uploads\/2024\/06\/wc-300x192.png 300w\" sizes=\"(max-width: 704px) 100vw, 704px\" \/><\/figure>\n\n\n\n<p><em>Es spielten mit<\/em>: Eve, Maia, Ana, Lara, Nadine, Luna, Mimi, Augu, Jule, Valentina, Greta<\/p>\n\n\n\n<figure class=\"wp-block-image size-large\"><img loading=\"lazy\" decoding=\"async\" width=\"1024\" height=\"720\" src=\"https:\/\/www.handball-ulm.de\/wp-content\/uploads\/2024\/06\/Foto_wC_24_06_16_Quali2-1024x720.jpg\" alt=\"\" class=\"wp-image-16608\" srcset=\"https:\/\/www.handball-ulm.de\/wp-content\/uploads\/2024\/06\/Foto_wC_24_06_16_Quali2-1024x720.jpg 1024w, https:\/\/www.handball-ulm.de\/wp-content\/uploads\/2024\/06\/Foto_wC_24_06_16_Quali2-300x211.jpg 300w, https:\/\/www.handball-ulm.de\/wp-content\/uploads\/2024\/06\/Foto_wC_24_06_16_Quali2-768x540.jpg 768w, https:\/\/www.handball-ulm.de\/wp-content\/uploads\/2024\/06\/Foto_wC_24_06_16_Quali2-1536x1080.jpg 1536w, https:\/\/www.handball-ulm.de\/wp-content\/uploads\/2024\/06\/Foto_wC_24_06_16_Quali2-2048x1440.jpg 2048w, https:\/\/www.handball-ulm.de\/wp-content\/uploads\/2024\/06\/Foto_wC_24_06_16_Quali2-1170x823.jpg 1170w\" sizes=\"(max-width: 1024px) 100vw, 1024px\" \/><\/figure>\n","protected":false},"excerpt":{"rendered":"<p>In der 2. Qualifikationsrunde zur Bezirksoberliga haben unsere M\u00e4dels alle Spiele gewonnen. Am Ende stand unser Team auf Platz 1 mit 10 : 0 Punkten. Unsere M\u00e4dels k\u00f6nnen auf sich stolz sein, ihr Ziel \u201eBezirksoberliga\u201c erreicht zu haben! Es spielten mit: Eve, Maia, Ana, Lara, Nadine, Luna, Mimi, Augu, Jule, Valentina, Greta<\/p>\n<br\/><br\/><a class=\"read-more\" href=\"https:\/\/www.handball-ulm.de\/?p=16605\"> Mehr lesen...<\/a>","protected":false},"author":10,"featured_media":16608,"comment_status":"closed","ping_status":"closed","sticky":false,"template":"","format":"standard","meta":{"ngg_post_thumbnail":0,"footnotes":""},"categories":[93,63,20],"tags":[],"_links":{"self":[{"href":"https:\/\/www.handball-ulm.de\/index.php?rest_route=\/wp\/v2\/posts\/16605"}],"collection":[{"href":"https:\/\/www.handball-ulm.de\/index.php?rest_route=\/wp\/v2\/posts"}],"about":[{"href":"https:\/\/www.handball-ulm.de\/index.php?rest_route=\/wp\/v2\/types\/post"}],"author":[{"embeddable":true,"href":"https:\/\/www.handball-ulm.de\/index.php?rest_route=\/wp\/v2\/users\/10"}],"replies":[{"embeddable":true,"href":"https:\/\/www.handball-ulm.de\/index.php?rest_route=%2Fwp%2Fv2%2Fcomments&post=16605"}],"version-history":[{"count":2,"href":"https:\/\/www.handball-ulm.de\/index.php?rest_route=\/wp\/v2\/posts\/16605\/revisions"}],"predecessor-version":[{"id":16611,"href":"https:\/\/www.handball-ulm.de\/index.php?rest_route=\/wp\/v2\/posts\/16605\/revisions\/16611"}],"wp:featuredmedia":[{"embeddable":true,"href":"https:\/\/www.handball-ulm.de\/index.php?rest_route=\/wp\/v2\/media\/16608"}],"wp:attachment":[{"href":"https:\/\/www.handball-ulm.de\/index.php?rest_route=%2Fwp%2Fv2%2Fmedia&parent=16605"}],"wp:term":[{"taxonomy":"category","embeddable":true,"href":"https:\/\/www.handball-ulm.de\/index.php?rest_route=%2Fwp%2Fv2%2Fcategories&post=16605"},{"taxonomy":"post_tag","embeddable":true,"href":"https:\/\/www.handball-ulm.de\/index.php?rest_route=%2Fwp%2Fv2%2Ftags&post=16605"}],"curies":[{"name":"wp","href":"https:\/\/api.w.org\/{rel}","templated":true}]}}