{"id":16570,"date":"2024-05-14T21:28:56","date_gmt":"2024-05-14T19:28:56","guid":{"rendered":"https:\/\/www.handball-ulm.de\/?p=16570"},"modified":"2024-05-14T21:28:59","modified_gmt":"2024-05-14T19:28:59","slug":"4-talente-ziehen-weiter-in-die-jugendbundesliga","status":"publish","type":"post","link":"https:\/\/www.handball-ulm.de\/?p=16570","title":{"rendered":"4 Talente ziehen weiter in die Jugendbundesliga"},"content":{"rendered":"\n<p><br>Mit einem weinenden und einem lachenden Auge verabschieden wir uns von gleich vier au\u00dfergew\u00f6hnlichen Nachwuchstalenten und Jungtrainerinnen. Saskia Fromm, Sanne Reitz, Lieselotte Rehm und Aurea Konjuvca werden in der kommenden Saison bei den Junghornissen Nellingen in der <strong>Jugendbundesliga<\/strong> auflaufen. Wir werden euch als Personen und Spielerinnen sehr vermissen, sind gleichzeitig aber auch wahnsinnig stolz auf eure Leistung!<br><br>Wir w\u00fcnschen euch viel Gl\u00fcck und Erfolg f\u00fcr diese spannende, neue Aufgabe! Die Tore der Tannenplatzhalle stehen euch selbstverst\u00e4ndlich\u00a0immer\u00a0offen.\u00a0\ud83d\ude42<\/p>\n\n\n\n<figure class=\"wp-block-image size-large\"><img loading=\"lazy\" decoding=\"async\" width=\"576\" height=\"1024\" src=\"https:\/\/www.handball-ulm.de\/wp-content\/uploads\/2024\/05\/JBL-576x1024.jpg\" alt=\"\" class=\"wp-image-16571\" srcset=\"https:\/\/www.handball-ulm.de\/wp-content\/uploads\/2024\/05\/JBL-576x1024.jpg 576w, https:\/\/www.handball-ulm.de\/wp-content\/uploads\/2024\/05\/JBL-169x300.jpg 169w, https:\/\/www.handball-ulm.de\/wp-content\/uploads\/2024\/05\/JBL-768x1365.jpg 768w, https:\/\/www.handball-ulm.de\/wp-content\/uploads\/2024\/05\/JBL-864x1536.jpg 864w, https:\/\/www.handball-ulm.de\/wp-content\/uploads\/2024\/05\/JBL.jpg 1152w\" sizes=\"(max-width: 576px) 100vw, 576px\" \/><\/figure>\n","protected":false},"excerpt":{"rendered":"<p>Jugendbundesliga<br \/>\nB-Jugend weiblich<\/p>\n<br\/><br\/><a class=\"read-more\" href=\"https:\/\/www.handball-ulm.de\/?p=16570\"> Mehr lesen...<\/a>","protected":false},"author":10,"featured_media":16572,"comment_status":"closed","ping_status":"closed","sticky":false,"template":"","format":"standard","meta":{"ngg_post_thumbnail":0,"footnotes":""},"categories":[93,63,18],"tags":[],"_links":{"self":[{"href":"https:\/\/www.handball-ulm.de\/index.php?rest_route=\/wp\/v2\/posts\/16570"}],"collection":[{"href":"https:\/\/www.handball-ulm.de\/index.php?rest_route=\/wp\/v2\/posts"}],"about":[{"href":"https:\/\/www.handball-ulm.de\/index.php?rest_route=\/wp\/v2\/types\/post"}],"author":[{"embeddable":true,"href":"https:\/\/www.handball-ulm.de\/index.php?rest_route=\/wp\/v2\/users\/10"}],"replies":[{"embeddable":true,"href":"https:\/\/www.handball-ulm.de\/index.php?rest_route=%2Fwp%2Fv2%2Fcomments&post=16570"}],"version-history":[{"count":1,"href":"https:\/\/www.handball-ulm.de\/index.php?rest_route=\/wp\/v2\/posts\/16570\/revisions"}],"predecessor-version":[{"id":16573,"href":"https:\/\/www.handball-ulm.de\/index.php?rest_route=\/wp\/v2\/posts\/16570\/revisions\/16573"}],"wp:featuredmedia":[{"embeddable":true,"href":"https:\/\/www.handball-ulm.de\/index.php?rest_route=\/wp\/v2\/media\/16572"}],"wp:attachment":[{"href":"https:\/\/www.handball-ulm.de\/index.php?rest_route=%2Fwp%2Fv2%2Fmedia&parent=16570"}],"wp:term":[{"taxonomy":"category","embeddable":true,"href":"https:\/\/www.handball-ulm.de\/index.php?rest_route=%2Fwp%2Fv2%2Fcategories&post=16570"},{"taxonomy":"post_tag","embeddable":true,"href":"https:\/\/www.handball-ulm.de\/index.php?rest_route=%2Fwp%2Fv2%2Ftags&post=16570"}],"curies":[{"name":"wp","href":"https:\/\/api.w.org\/{rel}","templated":true}]}}