{"id":16391,"date":"2024-04-01T21:18:03","date_gmt":"2024-04-01T19:18:03","guid":{"rendered":"https:\/\/www.handball-ulm.de\/?p=16391"},"modified":"2024-04-04T21:35:29","modified_gmt":"2024-04-04T19:35:29","slug":"ibot-24-unsere-wb-war-dabei","status":"publish","type":"post","link":"https:\/\/www.handball-ulm.de\/?p=16391","title":{"rendered":"IBOT 24 &#8211; unsere wB war dabei"},"content":{"rendered":"\n<figure class=\"wp-block-image size-large\"><img loading=\"lazy\" decoding=\"async\" width=\"811\" height=\"1024\" src=\"https:\/\/www.handball-ulm.de\/wp-content\/uploads\/2024\/04\/IBOT2-811x1024.jpg\" alt=\"\" class=\"wp-image-16392\" srcset=\"https:\/\/www.handball-ulm.de\/wp-content\/uploads\/2024\/04\/IBOT2-811x1024.jpg 811w, https:\/\/www.handball-ulm.de\/wp-content\/uploads\/2024\/04\/IBOT2-238x300.jpg 238w, https:\/\/www.handball-ulm.de\/wp-content\/uploads\/2024\/04\/IBOT2-768x969.jpg 768w, https:\/\/www.handball-ulm.de\/wp-content\/uploads\/2024\/04\/IBOT2.jpg 828w\" sizes=\"(max-width: 811px) 100vw, 811px\" \/><\/figure>\n\n\n\n<p>Am Karfreitag machte sich die weibliche B-Jugend auf den Weg nach Biberach zum Internationalen Biberacher Osterturnier. Insgesamt 84 Mannschaften aus Deutschland, Italien, D\u00e4nemark, Holland und der Schweiz nahmen an diesem Event teil.<\/p>\n\n\n\n<p>Nachdem das Schlaflager der wB aufgebaut war, ging es gemeinsam Pizzaessen und danach ab zur Er\u00f6ffnungsfeier.<\/p>\n\n\n\n<p>Das erste Spiel stand am n\u00e4chsten Tag um 14:10 Uhr gegen die TSG Schw\u00e4bisch Hall an. Souver\u00e4n konnten wir dieses mit 26:6 gewinnen.<br>Motiviert gingen wir in das n\u00e4chste Spiel um 15:55 Uhr gegen den SV Salamander Kornwestheim, welcher diese Saison in der BWOL auflief. Nach einer schwierigen Anfangsphase stand es in der 12. Minute 10:5 f\u00fcr die M\u00e4dels aus Kornwestheim. Doch unsere wB gab nicht auf und k\u00e4mpfte sich wieder ran. So stand es 18:18, eine Spielminute vor Schluss. In Unterzahl konnten wir jedoch noch, durch eine Parade unserer Torfrau Saskia, den Ball gewinnen und unsere Lotte traf 10 Sekunden vor Ende zum 18:19. Das Spiel war gewonnen. Was eine Erleichterung, was eine Teamleistung!<br>Die Freude war riesig und genauso erfolgreich starteten wir am Sonntag in das n\u00e4chste Spiel gegen die HG Oftersheim\/Schwetzingen. Noch vor dem Fr\u00fchst\u00fcck, n\u00e4mlich um 8:35 Uhr, konnten wir uns bereits unseren n\u00e4chsten Sieg einfahren. Am Ende stand ein 13:22 auf der Anzeigetafel.<\/p>\n\n\n\n<p>Wir schlossen die Gruppenphase auf dem ersten Platz ab und so ging es um 14:55 Uhr ins Viertelfinale gegen die M\u00e4dels vom SV Union Halle-Neustadt.<br>Konzentriert zeigten wir einen sch\u00f6nen, schnellen Handball und konnten auch dieses Spiel mit 24:14 gewinnen.<\/p>\n\n\n\n<p>Bisher noch ungeschlagen ging es nun gegen den SV Kaltern um 19:35 Uhr ins Halbfinale.<br>Doch diesmal konnte unsere wB nicht gewinnen, die Italienerinnen stellten eine Abwehr ohne Durchkommen. Im Gegensatz, die Ulmer Abwehr. Die Gegentore prasselten nur so auf unsere M\u00e4dels hinein und so stand am Ende ein 20:17 als Endergebnis.<br>Gl\u00fcckwunsch an die M\u00e4dels vom SV Kaltern zum Finaleinzug!<\/p>\n\n\n\n<p>Nach zwei anstrengenden Handballtagen gingen wir ersch\u00f6pft ins Bett und nahmen uns vor, morgen im Spiel um Platz 3 dem LC Br\u00fchl nochmal alles abzuverlangen.<br>Wir wussten, was eine starke Schweizer Mannschaft uns gegen\u00fcber stehen wird.<br>Anpfiff war um 11:30 Uhr, doch anders als erwartet gestaltete sich das Spiel relativ ausgeglichen. Br\u00fchl konnte sich nie mehr als mit 3 Toren von uns absetzten. Als die Schlusssirene ert\u00f6nte, stand zwar ein 22:25 Sieg f\u00fcr Br\u00fchl auf der Anzeigetafel doch f\u00fcr Trauer und Entt\u00e4uschung war bei uns kein Platz, denn wir waren einfach nur stolz auf die Leistung, die wir das gesamte Turnier erbracht haben.<\/p>\n\n\n\n<ol start=\"4\">\n<li>Platz beim Ibot &#8211; ein gelungener Saisonabschluss f\u00fcr unsere wB<\/li>\n<\/ol>\n\n\n\n<p>Wir danken allen Fans, die uns dabei unterst\u00fctzt haben und ganz besonders unseren Trainerinnen. <br>DANKE f\u00fcr diese\u00a0tolle\u00a0Saison!<\/p>\n\n\n\n<figure class=\"wp-block-image size-large\"><img loading=\"lazy\" decoding=\"async\" width=\"1024\" height=\"986\" src=\"https:\/\/www.handball-ulm.de\/wp-content\/uploads\/2024\/04\/IBOT11-1024x986.jpg\" alt=\"\" class=\"wp-image-16395\" srcset=\"https:\/\/www.handball-ulm.de\/wp-content\/uploads\/2024\/04\/IBOT11-1024x986.jpg 1024w, https:\/\/www.handball-ulm.de\/wp-content\/uploads\/2024\/04\/IBOT11-300x289.jpg 300w, https:\/\/www.handball-ulm.de\/wp-content\/uploads\/2024\/04\/IBOT11-768x740.jpg 768w, https:\/\/www.handball-ulm.de\/wp-content\/uploads\/2024\/04\/IBOT11-1170x1127.jpg 1170w, https:\/\/www.handball-ulm.de\/wp-content\/uploads\/2024\/04\/IBOT11.jpg 1383w\" sizes=\"(max-width: 1024px) 100vw, 1024px\" \/><\/figure>\n","protected":false},"excerpt":{"rendered":"<p>Nie ohne mein Team!<\/p>\n<br\/><br\/><a class=\"read-more\" href=\"https:\/\/www.handball-ulm.de\/?p=16391\"> Mehr lesen...<\/a>","protected":false},"author":10,"featured_media":16396,"comment_status":"closed","ping_status":"closed","sticky":false,"template":"","format":"standard","meta":{"ngg_post_thumbnail":0,"footnotes":""},"categories":[1,85,63,18],"tags":[],"_links":{"self":[{"href":"https:\/\/www.handball-ulm.de\/index.php?rest_route=\/wp\/v2\/posts\/16391"}],"collection":[{"href":"https:\/\/www.handball-ulm.de\/index.php?rest_route=\/wp\/v2\/posts"}],"about":[{"href":"https:\/\/www.handball-ulm.de\/index.php?rest_route=\/wp\/v2\/types\/post"}],"author":[{"embeddable":true,"href":"https:\/\/www.handball-ulm.de\/index.php?rest_route=\/wp\/v2\/users\/10"}],"replies":[{"embeddable":true,"href":"https:\/\/www.handball-ulm.de\/index.php?rest_route=%2Fwp%2Fv2%2Fcomments&post=16391"}],"version-history":[{"count":2,"href":"https:\/\/www.handball-ulm.de\/index.php?rest_route=\/wp\/v2\/posts\/16391\/revisions"}],"predecessor-version":[{"id":16397,"href":"https:\/\/www.handball-ulm.de\/index.php?rest_route=\/wp\/v2\/posts\/16391\/revisions\/16397"}],"wp:featuredmedia":[{"embeddable":true,"href":"https:\/\/www.handball-ulm.de\/index.php?rest_route=\/wp\/v2\/media\/16396"}],"wp:attachment":[{"href":"https:\/\/www.handball-ulm.de\/index.php?rest_route=%2Fwp%2Fv2%2Fmedia&parent=16391"}],"wp:term":[{"taxonomy":"category","embeddable":true,"href":"https:\/\/www.handball-ulm.de\/index.php?rest_route=%2Fwp%2Fv2%2Fcategories&post=16391"},{"taxonomy":"post_tag","embeddable":true,"href":"https:\/\/www.handball-ulm.de\/index.php?rest_route=%2Fwp%2Fv2%2Ftags&post=16391"}],"curies":[{"name":"wp","href":"https:\/\/api.w.org\/{rel}","templated":true}]}}