{"id":16324,"date":"2024-03-17T17:37:53","date_gmt":"2024-03-17T16:37:53","guid":{"rendered":"https:\/\/www.handball-ulm.de\/?p=16324"},"modified":"2024-03-19T17:43:12","modified_gmt":"2024-03-19T16:43:12","slug":"minis-in-laupheim","status":"publish","type":"post","link":"https:\/\/www.handball-ulm.de\/?p=16324","title":{"rendered":"Minis in Laupheim"},"content":{"rendered":"\n<figure class=\"wp-block-image size-large\"><img loading=\"lazy\" decoding=\"async\" width=\"1024\" height=\"771\" src=\"https:\/\/www.handball-ulm.de\/wp-content\/uploads\/2024\/03\/PXL_20240317_091903391-1024x771.jpeg\" alt=\"\" class=\"wp-image-16325\" srcset=\"https:\/\/www.handball-ulm.de\/wp-content\/uploads\/2024\/03\/PXL_20240317_091903391-1024x771.jpeg 1024w, https:\/\/www.handball-ulm.de\/wp-content\/uploads\/2024\/03\/PXL_20240317_091903391-300x226.jpeg 300w, https:\/\/www.handball-ulm.de\/wp-content\/uploads\/2024\/03\/PXL_20240317_091903391-768x578.jpeg 768w, https:\/\/www.handball-ulm.de\/wp-content\/uploads\/2024\/03\/PXL_20240317_091903391-1170x881.jpeg 1170w, https:\/\/www.handball-ulm.de\/wp-content\/uploads\/2024\/03\/PXL_20240317_091903391.jpeg 1275w\" sizes=\"(max-width: 1024px) 100vw, 1024px\" \/><\/figure>\n\n\n\n<p>Am Sonntag den 17.03. war es nun leider so weit: der letzte Spieltag der Saison 2023\/2024. In der Rottumhalle des HV RW Laupheim trafen unsere Minis (SG Ulm&amp;Wiblingen 4) auf den TSV Blaustein 2, die TG Biberach, SV Schemmerhofen und die Minis aus der Oststadt (SG Ulm&amp;Wiblingen 2).&nbsp;<\/p>\n\n\n\n<p>Passend zum nahenden Osterfest startete der Spieltag der Minis mit einem Warmmachlauf mit bunten Ostereiern. Anschlie\u00dfend zeigten die Mannschaften bei Aufsetzer-Handball, K\u00f6nigsball, Rebound-Ball und einem Parcours mit Zielwerfen wie sie sich im Laufe der Saison weiterentwickelt haben.<\/p>\n\n\n\n<p>Gestartet wurde mit Aufsetzer-Handball gegen den TSV Blaustein. Hier konnte man eine deutliche Steigerung bei unseren Minis erkennen, die deutlich bessere Abwehrleistungen sowie einen st\u00e4rkeren Zug zum gegnerischen Tor zeigten. So wurden dem Gegner B\u00e4lle abgeluchst und auch der Ball fand den Weg ins gegnerische Tor.&nbsp;<\/p>\n\n\n\n<p>Auch im K\u00f6nigsball gegen die Minis aus der Oststadt wurde den Zuschauern gezeigt, dass die Minis sich weiterentwickelt haben und mehr Punkte erzielt wurden als in vergangenen Spieltagen.&nbsp;<\/p>\n\n\n\n<p>Im Parcours durften unsere Minis dann \u00fcber B\u00e4lle balancieren, sich an Seilen von einem Kasten zum anderen schwingen, rutschen und mit B\u00e4llen ihre Geschicklichkeit beim Zielwerfen unter Beweis stellen. Hier mussten H\u00fctchen heruntergeschossen werden und in H\u00fctchen geworfen werden.&nbsp;<\/p>\n\n\n\n<p>Es folgten eine weitere Runde Aufsetzer-Handball sowie K\u00f6nigsball. Auch hier zeigten die Minis eine \u00e4hnliche Leistung wie in den ersten Spielen.&nbsp;&nbsp;<\/p>\n\n\n\n<p>Einen runden Abschluss lieferte ein leicht abgewandelter Staffellauf mit Eiersuche und Eiertransport f\u00fcr alle Mannschaften.&nbsp;<\/p>\n\n\n\n<p>Es war ein sehr sch\u00f6ner Spieltag, auf dem die Spielerinnen und Spieler mit einer Medaille und viel Applaus gefeiert wurden und auch an die Geschwisterkinder\/Eltern\/Verwandte\/Zuschauer gedacht wurde. Nicht nur wurde f\u00fcr das leibliche Wohl aller wurde hervorragend gesorgt, auch die k\u00f6rperliche Ert\u00fcchtigung kam nicht zu kurz, da der HV RW Laupheim auch eine \u201eSpielecke\u201c mit B\u00e4llen und Zielwerfen aufgebaut hatte. Apfelschnitze f\u00fcr alle und eine Malecke sorgten f\u00fcr ein wie sie sich im Laufe der Saison im Rundumpaket.\u00a0<br><br>Die Zuschauer d\u00fcrfen sich schon jetzt auf die Spieltage der neuen Saison freuen.\u00a0<\/p>\n\n\n\n<figure class=\"wp-block-gallery has-nested-images columns-2 is-cropped wp-block-gallery-1 is-layout-flex wp-block-gallery-is-layout-flex\">\n<figure class=\"wp-block-image size-large\"><img loading=\"lazy\" decoding=\"async\" width=\"670\" height=\"1024\" data-id=\"16327\" src=\"https:\/\/www.handball-ulm.de\/wp-content\/uploads\/2024\/03\/PXL_20240317_101317604-670x1024.jpeg\" alt=\"\" class=\"wp-image-16327\" srcset=\"https:\/\/www.handball-ulm.de\/wp-content\/uploads\/2024\/03\/PXL_20240317_101317604-670x1024.jpeg 670w, https:\/\/www.handball-ulm.de\/wp-content\/uploads\/2024\/03\/PXL_20240317_101317604-196x300.jpeg 196w, https:\/\/www.handball-ulm.de\/wp-content\/uploads\/2024\/03\/PXL_20240317_101317604-768x1174.jpeg 768w, https:\/\/www.handball-ulm.de\/wp-content\/uploads\/2024\/03\/PXL_20240317_101317604.jpeg 837w\" sizes=\"(max-width: 670px) 100vw, 670px\" \/><\/figure>\n\n\n\n<figure class=\"wp-block-image size-large\"><img loading=\"lazy\" decoding=\"async\" width=\"1024\" height=\"771\" data-id=\"16330\" src=\"https:\/\/www.handball-ulm.de\/wp-content\/uploads\/2024\/03\/PXL_20240317_091831145-1024x771.jpeg\" alt=\"\" class=\"wp-image-16330\" srcset=\"https:\/\/www.handball-ulm.de\/wp-content\/uploads\/2024\/03\/PXL_20240317_091831145-1024x771.jpeg 1024w, https:\/\/www.handball-ulm.de\/wp-content\/uploads\/2024\/03\/PXL_20240317_091831145-300x226.jpeg 300w, https:\/\/www.handball-ulm.de\/wp-content\/uploads\/2024\/03\/PXL_20240317_091831145-768x578.jpeg 768w, https:\/\/www.handball-ulm.de\/wp-content\/uploads\/2024\/03\/PXL_20240317_091831145-1170x881.jpeg 1170w, https:\/\/www.handball-ulm.de\/wp-content\/uploads\/2024\/03\/PXL_20240317_091831145.jpeg 1275w\" sizes=\"(max-width: 1024px) 100vw, 1024px\" \/><\/figure>\n\n\n\n<figure class=\"wp-block-image size-large\"><img loading=\"lazy\" decoding=\"async\" width=\"1024\" height=\"771\" data-id=\"16329\" src=\"https:\/\/www.handball-ulm.de\/wp-content\/uploads\/2024\/03\/PXL_20240317_094349051-1024x771.jpeg\" alt=\"\" class=\"wp-image-16329\" srcset=\"https:\/\/www.handball-ulm.de\/wp-content\/uploads\/2024\/03\/PXL_20240317_094349051-1024x771.jpeg 1024w, https:\/\/www.handball-ulm.de\/wp-content\/uploads\/2024\/03\/PXL_20240317_094349051-300x226.jpeg 300w, https:\/\/www.handball-ulm.de\/wp-content\/uploads\/2024\/03\/PXL_20240317_094349051-768x578.jpeg 768w, https:\/\/www.handball-ulm.de\/wp-content\/uploads\/2024\/03\/PXL_20240317_094349051-1170x881.jpeg 1170w, https:\/\/www.handball-ulm.de\/wp-content\/uploads\/2024\/03\/PXL_20240317_094349051.jpeg 1275w\" sizes=\"(max-width: 1024px) 100vw, 1024px\" \/><\/figure>\n\n\n\n<figure class=\"wp-block-image size-large\"><img loading=\"lazy\" decoding=\"async\" width=\"1024\" height=\"771\" data-id=\"16328\" src=\"https:\/\/www.handball-ulm.de\/wp-content\/uploads\/2024\/03\/PXL_20240317_094425712-1024x771.jpeg\" alt=\"\" class=\"wp-image-16328\" srcset=\"https:\/\/www.handball-ulm.de\/wp-content\/uploads\/2024\/03\/PXL_20240317_094425712-1024x771.jpeg 1024w, https:\/\/www.handball-ulm.de\/wp-content\/uploads\/2024\/03\/PXL_20240317_094425712-300x226.jpeg 300w, https:\/\/www.handball-ulm.de\/wp-content\/uploads\/2024\/03\/PXL_20240317_094425712-768x578.jpeg 768w, https:\/\/www.handball-ulm.de\/wp-content\/uploads\/2024\/03\/PXL_20240317_094425712-1170x881.jpeg 1170w, https:\/\/www.handball-ulm.de\/wp-content\/uploads\/2024\/03\/PXL_20240317_094425712.jpeg 1275w\" sizes=\"(max-width: 1024px) 100vw, 1024px\" \/><\/figure>\n\n\n\n<figure class=\"wp-block-image size-large\"><img loading=\"lazy\" decoding=\"async\" width=\"1024\" height=\"771\" data-id=\"16326\" src=\"https:\/\/www.handball-ulm.de\/wp-content\/uploads\/2024\/03\/PXL_20240317_094442926-1024x771.jpeg\" alt=\"\" class=\"wp-image-16326\" srcset=\"https:\/\/www.handball-ulm.de\/wp-content\/uploads\/2024\/03\/PXL_20240317_094442926-1024x771.jpeg 1024w, https:\/\/www.handball-ulm.de\/wp-content\/uploads\/2024\/03\/PXL_20240317_094442926-300x226.jpeg 300w, https:\/\/www.handball-ulm.de\/wp-content\/uploads\/2024\/03\/PXL_20240317_094442926-768x578.jpeg 768w, https:\/\/www.handball-ulm.de\/wp-content\/uploads\/2024\/03\/PXL_20240317_094442926-1170x881.jpeg 1170w, https:\/\/www.handball-ulm.de\/wp-content\/uploads\/2024\/03\/PXL_20240317_094442926.jpeg 1275w\" sizes=\"(max-width: 1024px) 100vw, 1024px\" \/><\/figure>\n<\/figure>\n","protected":false},"excerpt":{"rendered":"<p>Dr\u00fcber und Drunter<\/p>\n<br\/><br\/><a class=\"read-more\" href=\"https:\/\/www.handball-ulm.de\/?p=16324\"> Mehr lesen...<\/a>","protected":false},"author":10,"featured_media":16330,"comment_status":"closed","ping_status":"closed","sticky":false,"template":"","format":"standard","meta":{"ngg_post_thumbnail":0,"footnotes":""},"categories":[85,74,88,63],"tags":[],"_links":{"self":[{"href":"https:\/\/www.handball-ulm.de\/index.php?rest_route=\/wp\/v2\/posts\/16324"}],"collection":[{"href":"https:\/\/www.handball-ulm.de\/index.php?rest_route=\/wp\/v2\/posts"}],"about":[{"href":"https:\/\/www.handball-ulm.de\/index.php?rest_route=\/wp\/v2\/types\/post"}],"author":[{"embeddable":true,"href":"https:\/\/www.handball-ulm.de\/index.php?rest_route=\/wp\/v2\/users\/10"}],"replies":[{"embeddable":true,"href":"https:\/\/www.handball-ulm.de\/index.php?rest_route=%2Fwp%2Fv2%2Fcomments&post=16324"}],"version-history":[{"count":1,"href":"https:\/\/www.handball-ulm.de\/index.php?rest_route=\/wp\/v2\/posts\/16324\/revisions"}],"predecessor-version":[{"id":16331,"href":"https:\/\/www.handball-ulm.de\/index.php?rest_route=\/wp\/v2\/posts\/16324\/revisions\/16331"}],"wp:featuredmedia":[{"embeddable":true,"href":"https:\/\/www.handball-ulm.de\/index.php?rest_route=\/wp\/v2\/media\/16330"}],"wp:attachment":[{"href":"https:\/\/www.handball-ulm.de\/index.php?rest_route=%2Fwp%2Fv2%2Fmedia&parent=16324"}],"wp:term":[{"taxonomy":"category","embeddable":true,"href":"https:\/\/www.handball-ulm.de\/index.php?rest_route=%2Fwp%2Fv2%2Fcategories&post=16324"},{"taxonomy":"post_tag","embeddable":true,"href":"https:\/\/www.handball-ulm.de\/index.php?rest_route=%2Fwp%2Fv2%2Ftags&post=16324"}],"curies":[{"name":"wp","href":"https:\/\/api.w.org\/{rel}","templated":true}]}}