{"id":16237,"date":"2024-03-09T19:39:00","date_gmt":"2024-03-09T18:39:00","guid":{"rendered":"https:\/\/www.handball-ulm.de\/?p=16237"},"modified":"2024-03-14T15:18:38","modified_gmt":"2024-03-14T14:18:38","slug":"maennliche-c-jugend-vorletzte-spiele","status":"publish","type":"post","link":"https:\/\/www.handball-ulm.de\/?p=16237","title":{"rendered":"M\u00e4nnliche C-Jugend \u2013 vorletzte Spiele"},"content":{"rendered":"\n<figure class=\"wp-block-image size-large\"><img loading=\"lazy\" decoding=\"async\" width=\"1024\" height=\"768\" src=\"https:\/\/www.handball-ulm.de\/wp-content\/uploads\/2024\/03\/IMG-20240309-WA0008-1024x768.jpg\" alt=\"\" class=\"wp-image-16238\" srcset=\"https:\/\/www.handball-ulm.de\/wp-content\/uploads\/2024\/03\/IMG-20240309-WA0008-1024x768.jpg 1024w, https:\/\/www.handball-ulm.de\/wp-content\/uploads\/2024\/03\/IMG-20240309-WA0008-300x225.jpg 300w, https:\/\/www.handball-ulm.de\/wp-content\/uploads\/2024\/03\/IMG-20240309-WA0008-768x576.jpg 768w, https:\/\/www.handball-ulm.de\/wp-content\/uploads\/2024\/03\/IMG-20240309-WA0008-1536x1152.jpg 1536w, https:\/\/www.handball-ulm.de\/wp-content\/uploads\/2024\/03\/IMG-20240309-WA0008-1170x878.jpg 1170w, https:\/\/www.handball-ulm.de\/wp-content\/uploads\/2024\/03\/IMG-20240309-WA0008.jpg 1600w\" sizes=\"(max-width: 1024px) 100vw, 1024px\" \/><\/figure>\n\n\n\n<p>M\u00e4nnliche C-Jugend 1 sichert sich vorzeitig Platz zur Verbandsqualifikation<\/p>\n\n\n\n<p>F\u00fcr immerhin fast 17 Stunden stand die m\u00e4nnliche C1 auf dem 1. Tabellenplatz der Bezirksliga Bodensee-Donau. Dann beendete Bregenz Handball das Spiel gegen Friedrichshafen mit zwei Punkten und nahm den angestammten und verdienten 1. Platz der Tabelle wieder ein. Nichtsdestotrotz konnte die SG Ulm zufrieden sein, denn ein 2. Platz gen\u00fcgt, um an der Verbandsqualifikation teilnehmen zu d\u00fcrfen mit C- und B-Jugend.<\/p>\n\n\n\n<p>Die Anspannung vor dem Spiel gegen die TG Biberach war deutlich sp\u00fcrbar. Alle waren motiviert bis in die Haarspitzen. Die Aufstellung anfangs wieder sehr ungewohnt, aber unglaublich effektiv. Z\u00fcgig setzte sich die SG durch eine konsequente Abwehr mit 4:0 ab. Biberach war verwirrt, glich jedoch in Minute sieben aus. Durch schnelle Kreistore zog die SG wieder davon. In Minute 21 bereits auf 10 Tore. Ein wirklich hervorragendes Abwehrspiel und eine gute Verwertung der Konter sorgte f\u00fcr weitere Tore. Der Ulmer Torwart Julius war f\u00fcr die Biberacher Jungs kaum zu \u00fcberwinden, wenn sie es denn durch das Abwehrbollwerk geschafft hatten.<\/p>\n\n\n\n<p>Die Ulmer lie\u00dfen nie locker und f\u00fchrten zur Halbzeit bereits mit 13 Toren.<\/p>\n\n\n\n<p>Konzentriert ging es auch danach weiter. Das Endergebnis von 43:18 hatte so wohl keiner erwartet. Zurecht k\u00f6nnen die Ulmer Trainer sehr stolz auf ihre Mannschaft sein.<\/p>\n\n\n\n<p>Wir danken der TG Biberach f\u00fcr das faire Spiel und dem Schiedsrichter Christoph Gl\u00f6ggler f\u00fcr die unauff\u00e4llige&nbsp; und sichere Leitung des Spiels. Nat\u00fcrlich danken wir unseren treuen Fans und den Jungs der C2 f\u00fcr die Unterst\u00fctzung.<\/p>\n\n\n\n<figure class=\"wp-block-image size-large\"><img loading=\"lazy\" decoding=\"async\" width=\"1024\" height=\"768\" src=\"https:\/\/www.handball-ulm.de\/wp-content\/uploads\/2024\/03\/WhatsApp-Bild-2024-03-10-um-20.54.18_69cb873c-1024x768.jpg\" alt=\"\" class=\"wp-image-16239\" srcset=\"https:\/\/www.handball-ulm.de\/wp-content\/uploads\/2024\/03\/WhatsApp-Bild-2024-03-10-um-20.54.18_69cb873c-1024x768.jpg 1024w, https:\/\/www.handball-ulm.de\/wp-content\/uploads\/2024\/03\/WhatsApp-Bild-2024-03-10-um-20.54.18_69cb873c-300x225.jpg 300w, https:\/\/www.handball-ulm.de\/wp-content\/uploads\/2024\/03\/WhatsApp-Bild-2024-03-10-um-20.54.18_69cb873c-768x576.jpg 768w, https:\/\/www.handball-ulm.de\/wp-content\/uploads\/2024\/03\/WhatsApp-Bild-2024-03-10-um-20.54.18_69cb873c-1536x1152.jpg 1536w, https:\/\/www.handball-ulm.de\/wp-content\/uploads\/2024\/03\/WhatsApp-Bild-2024-03-10-um-20.54.18_69cb873c-1170x878.jpg 1170w, https:\/\/www.handball-ulm.de\/wp-content\/uploads\/2024\/03\/WhatsApp-Bild-2024-03-10-um-20.54.18_69cb873c.jpg 2048w\" sizes=\"(max-width: 1024px) 100vw, 1024px\" \/><\/figure>\n\n\n\n<p>Die C2 trat am Samstag gegen Weingarten an. Durch kurzfristige Absagen einiger Spieler waren wir sehr froh, dass die D-Jugend bereit f\u00fcrs Spiel war.<br>Auch in diesem Spiel konnte sich die Ulmer Mannschaft z\u00fcgig absetzen und den Vorsprung ausbauen. Zwischenzeitliche Unkonzentriertheiten sorgten f\u00fcr ein kurzes Aufholen der Weing\u00e4rtler. Aber eben nur ein kurzes. Das Endergebnis von 34:24 spricht f\u00fcr sich.<\/p>\n\n\n\n<p>Bei diesem Spiel sorgte die C1 und die anwesenden Fans f\u00fcr Stimmung und der Schiri Rainer O\u00dfwald f\u00fcr ein faires Spiel. Vielen Dank an alle.<\/p>\n","protected":false},"excerpt":{"rendered":"<p>Wieder gewonnen<\/p>\n<br\/><br\/><a class=\"read-more\" href=\"https:\/\/www.handball-ulm.de\/?p=16237\"> Mehr lesen...<\/a>","protected":false},"author":10,"featured_media":0,"comment_status":"closed","ping_status":"closed","sticky":false,"template":"","format":"standard","meta":{"ngg_post_thumbnail":0,"footnotes":""},"categories":[85,19,76,63],"tags":[],"_links":{"self":[{"href":"https:\/\/www.handball-ulm.de\/index.php?rest_route=\/wp\/v2\/posts\/16237"}],"collection":[{"href":"https:\/\/www.handball-ulm.de\/index.php?rest_route=\/wp\/v2\/posts"}],"about":[{"href":"https:\/\/www.handball-ulm.de\/index.php?rest_route=\/wp\/v2\/types\/post"}],"author":[{"embeddable":true,"href":"https:\/\/www.handball-ulm.de\/index.php?rest_route=\/wp\/v2\/users\/10"}],"replies":[{"embeddable":true,"href":"https:\/\/www.handball-ulm.de\/index.php?rest_route=%2Fwp%2Fv2%2Fcomments&post=16237"}],"version-history":[{"count":2,"href":"https:\/\/www.handball-ulm.de\/index.php?rest_route=\/wp\/v2\/posts\/16237\/revisions"}],"predecessor-version":[{"id":16245,"href":"https:\/\/www.handball-ulm.de\/index.php?rest_route=\/wp\/v2\/posts\/16237\/revisions\/16245"}],"wp:attachment":[{"href":"https:\/\/www.handball-ulm.de\/index.php?rest_route=%2Fwp%2Fv2%2Fmedia&parent=16237"}],"wp:term":[{"taxonomy":"category","embeddable":true,"href":"https:\/\/www.handball-ulm.de\/index.php?rest_route=%2Fwp%2Fv2%2Fcategories&post=16237"},{"taxonomy":"post_tag","embeddable":true,"href":"https:\/\/www.handball-ulm.de\/index.php?rest_route=%2Fwp%2Fv2%2Ftags&post=16237"}],"curies":[{"name":"wp","href":"https:\/\/api.w.org\/{rel}","templated":true}]}}