{"id":16234,"date":"2024-03-03T11:57:00","date_gmt":"2024-03-03T10:57:00","guid":{"rendered":"https:\/\/www.handball-ulm.de\/?p=16234"},"modified":"2024-03-10T20:57:45","modified_gmt":"2024-03-10T19:57:45","slug":"die-siegerserie-geht-weiter-maennliche-c-jugend","status":"publish","type":"post","link":"https:\/\/www.handball-ulm.de\/?p=16234","title":{"rendered":"Die Siegesserie geht weiter \u2013 m\u00e4nnliche C-Jugend"},"content":{"rendered":"\n<figure class=\"wp-block-image size-large\"><img loading=\"lazy\" decoding=\"async\" width=\"1024\" height=\"768\" src=\"https:\/\/www.handball-ulm.de\/wp-content\/uploads\/2024\/03\/IMG-20240303-WA0001-1024x768.jpg\" alt=\"\" class=\"wp-image-16235\" srcset=\"https:\/\/www.handball-ulm.de\/wp-content\/uploads\/2024\/03\/IMG-20240303-WA0001-1024x768.jpg 1024w, https:\/\/www.handball-ulm.de\/wp-content\/uploads\/2024\/03\/IMG-20240303-WA0001-300x225.jpg 300w, https:\/\/www.handball-ulm.de\/wp-content\/uploads\/2024\/03\/IMG-20240303-WA0001-768x576.jpg 768w, https:\/\/www.handball-ulm.de\/wp-content\/uploads\/2024\/03\/IMG-20240303-WA0001-1536x1152.jpg 1536w, https:\/\/www.handball-ulm.de\/wp-content\/uploads\/2024\/03\/IMG-20240303-WA0001-1170x878.jpg 1170w, https:\/\/www.handball-ulm.de\/wp-content\/uploads\/2024\/03\/IMG-20240303-WA0001.jpg 1600w\" sizes=\"(max-width: 1024px) 100vw, 1024px\" \/><\/figure>\n\n\n\n<p>Am Saulgau-Wochenende 02.\/03.M\u00e4rz 2024 spielten gleich mehrere Ulmer Mannschaften gegen die des TSV Bad Saulgau. Manche in Ulm, manche in Saulgau.<br>Die m\u00e4nnliche C-, die m\u00e4nnliche B- und weibliche C-Jugend und am Dienstag die m\u00e4nnliche A-Jugend \u2013 und alle gewannen mal mehr mal weniger deutlich.<\/p>\n\n\n\n<p>Alle konnten die Punkte mit nach Hause nehmen, so auch beide m\u00e4nnlichen C-Jugenden. Die C2 allerdings aus Biberach.<\/p>\n\n\n\n<p><strong>28 : 34 Saulgau &#8211; mC1<\/strong><\/p>\n\n\n\n<p><strong>30 : 34 BC2 \u2013 mC2<\/strong><\/p>\n\n\n\n<p>F\u00fcr die C1: Tarik Sancak (10), David Cremer (8), Patrick Hecht (6), Hannes K\u00fchner (5), Philipp Schumacher (2), Julius Klein (1), Janosch Reitz (1), Oskar Schwark (1), Julius Staud<\/p>\n\n\n\n<p>F\u00fcr die C2: Oskar Schwark (11), Sasha Niculescu (7), Lennert Raiber (5), Alexander Moll (4), Malik Kizilaslan (3), Konstantin Klein (3), Florian Schauz (1), Chuck Necknig, Samuel Schilling, Lenny Sch\u00f6n<\/p>\n","protected":false},"excerpt":{"rendered":"<p>viele Punkte<\/p>\n<br\/><br\/><a class=\"read-more\" href=\"https:\/\/www.handball-ulm.de\/?p=16234\"> Mehr lesen...<\/a>","protected":false},"author":10,"featured_media":16235,"comment_status":"closed","ping_status":"closed","sticky":false,"template":"","format":"standard","meta":{"ngg_post_thumbnail":0,"footnotes":""},"categories":[85,19,76,63],"tags":[],"_links":{"self":[{"href":"https:\/\/www.handball-ulm.de\/index.php?rest_route=\/wp\/v2\/posts\/16234"}],"collection":[{"href":"https:\/\/www.handball-ulm.de\/index.php?rest_route=\/wp\/v2\/posts"}],"about":[{"href":"https:\/\/www.handball-ulm.de\/index.php?rest_route=\/wp\/v2\/types\/post"}],"author":[{"embeddable":true,"href":"https:\/\/www.handball-ulm.de\/index.php?rest_route=\/wp\/v2\/users\/10"}],"replies":[{"embeddable":true,"href":"https:\/\/www.handball-ulm.de\/index.php?rest_route=%2Fwp%2Fv2%2Fcomments&post=16234"}],"version-history":[{"count":2,"href":"https:\/\/www.handball-ulm.de\/index.php?rest_route=\/wp\/v2\/posts\/16234\/revisions"}],"predecessor-version":[{"id":16241,"href":"https:\/\/www.handball-ulm.de\/index.php?rest_route=\/wp\/v2\/posts\/16234\/revisions\/16241"}],"wp:featuredmedia":[{"embeddable":true,"href":"https:\/\/www.handball-ulm.de\/index.php?rest_route=\/wp\/v2\/media\/16235"}],"wp:attachment":[{"href":"https:\/\/www.handball-ulm.de\/index.php?rest_route=%2Fwp%2Fv2%2Fmedia&parent=16234"}],"wp:term":[{"taxonomy":"category","embeddable":true,"href":"https:\/\/www.handball-ulm.de\/index.php?rest_route=%2Fwp%2Fv2%2Fcategories&post=16234"},{"taxonomy":"post_tag","embeddable":true,"href":"https:\/\/www.handball-ulm.de\/index.php?rest_route=%2Fwp%2Fv2%2Ftags&post=16234"}],"curies":[{"name":"wp","href":"https:\/\/api.w.org\/{rel}","templated":true}]}}