{"id":16230,"date":"2024-02-25T19:47:42","date_gmt":"2024-02-25T18:47:42","guid":{"rendered":"https:\/\/www.handball-ulm.de\/?p=16230"},"modified":"2024-03-07T19:55:10","modified_gmt":"2024-03-07T18:55:10","slug":"maennliche-c-jugend-unterwegs","status":"publish","type":"post","link":"https:\/\/www.handball-ulm.de\/?p=16230","title":{"rendered":"M\u00e4nnliche C-Jugend unterwegs"},"content":{"rendered":"\n<figure class=\"wp-block-image size-large\"><img loading=\"lazy\" decoding=\"async\" width=\"1024\" height=\"768\" src=\"https:\/\/www.handball-ulm.de\/wp-content\/uploads\/2024\/03\/IMG-20240225-WA0019-1024x768.jpg\" alt=\"\" class=\"wp-image-16231\" srcset=\"https:\/\/www.handball-ulm.de\/wp-content\/uploads\/2024\/03\/IMG-20240225-WA0019-1024x768.jpg 1024w, https:\/\/www.handball-ulm.de\/wp-content\/uploads\/2024\/03\/IMG-20240225-WA0019-300x225.jpg 300w, https:\/\/www.handball-ulm.de\/wp-content\/uploads\/2024\/03\/IMG-20240225-WA0019-768x576.jpg 768w, https:\/\/www.handball-ulm.de\/wp-content\/uploads\/2024\/03\/IMG-20240225-WA0019-1536x1152.jpg 1536w, https:\/\/www.handball-ulm.de\/wp-content\/uploads\/2024\/03\/IMG-20240225-WA0019-1170x878.jpg 1170w, https:\/\/www.handball-ulm.de\/wp-content\/uploads\/2024\/03\/IMG-20240225-WA0019.jpg 2000w\" sizes=\"(max-width: 1024px) 100vw, 1024px\" \/><\/figure>\n\n\n\n<p>Am letzten Februarwochenende fuhren die Jungs der m\u00e4nnlichen C-Jugend nach Wangen ins Allg\u00e4u. Die Sonne gab ihr Bestes, doch die Abfahrtszeit von 8:00Uhr an einem Sonntag ist schon wirklich fr\u00fch. 18 Spieler und 2 Trainer wollten transportiert werden. Dank der bereitwilligen Eltern war dies kein Problem.<\/p>\n\n\n\n<p><\/p>\n\n\n\n<p>Die C2 begann den Spielereigen um 10:00Uhr. Leider verletzte sich unser Niklas bereits in den ersten Minuten. Unsere Ulmer Jungs legten direkt vor, lie\u00dfen die Allg\u00e4uer jedoch in der 9.Minute noch einmal auf ein Tor heran. Danach vergr\u00f6\u00dferte sich der abstand kontinuierlich, so dass es am Ende 40 : 29 hie\u00df. Alle Spieler konnten sich in die Torsch\u00fctzenliste eintragen und Lenny hatte im Tore mehrere tolle Paraden.<\/p>\n\n\n\n<p>Sasha Niculescu (11), Oskar Schwark (11), Konstantin Klein (8), Malik Kizilaslan (3), Lennert Raiber (3), Florian Schauz (2), Chuck Necknig (1), David Rube (1), Niklas Frey, Lenny Sch\u00f6n<\/p>\n\n\n\n<p>Wir danken dem Schiedsrichter Matthias Maier aus Wangen.<\/p>\n\n\n\n<p>Schiedsrichter Paul Thiele aus Weingarten f\u00fchrte die n\u00e4chste Partie.<\/p>\n\n\n\n<p>Um 12:00Uhr standen die Spieler der C1 auf der Platte. Auch sie setzten sich z\u00fcgig ab, konnten aber lange nicht davonziehen. Die Jungs aus Wangen lie\u00dfen einfach nicht locker und kamen immer wieder heran. Erst 10 min vor Ende des Spiels war der Abstand deutlicher. So hie\u00df es&nbsp; mit Abpfiff 38 : 27 f\u00fcr Ulm. Auch hier konnten sich alle Spieler als erfolgreiche Sch\u00fctzen eintragen und Julius im Tor sorgte f\u00fcr den n\u00f6tigen R\u00fcckhalt.<\/p>\n\n\n\n<p>Patrick Hecht (11), David Cremer (8), Julius Klein (5), Tarik Sancak (5), Hannes K\u00fchner (4), Philipp Schumacher (3), Janosch Reitz (2), Julius Staud<\/p>\n\n\n\n<p>Wir danken den Mannschaften aus Wangen f\u00fcr die fairen Spiele, den Bewirtern f\u00fcr die k\u00f6stliche Verpflegung und unseren Fans f\u00fcr die Unterst\u00fctzung und Osman f\u00fcr seinen Einsatz im Schiedsgericht<\/p>\n","protected":false},"excerpt":{"rendered":"<p>VIer Punkte aus dem Allg\u00e4u<\/p>\n<br\/><br\/><a class=\"read-more\" href=\"https:\/\/www.handball-ulm.de\/?p=16230\"> Mehr lesen...<\/a>","protected":false},"author":10,"featured_media":16231,"comment_status":"closed","ping_status":"closed","sticky":false,"template":"","format":"standard","meta":{"ngg_post_thumbnail":0,"footnotes":""},"categories":[1,85,19,76,63],"tags":[],"_links":{"self":[{"href":"https:\/\/www.handball-ulm.de\/index.php?rest_route=\/wp\/v2\/posts\/16230"}],"collection":[{"href":"https:\/\/www.handball-ulm.de\/index.php?rest_route=\/wp\/v2\/posts"}],"about":[{"href":"https:\/\/www.handball-ulm.de\/index.php?rest_route=\/wp\/v2\/types\/post"}],"author":[{"embeddable":true,"href":"https:\/\/www.handball-ulm.de\/index.php?rest_route=\/wp\/v2\/users\/10"}],"replies":[{"embeddable":true,"href":"https:\/\/www.handball-ulm.de\/index.php?rest_route=%2Fwp%2Fv2%2Fcomments&post=16230"}],"version-history":[{"count":2,"href":"https:\/\/www.handball-ulm.de\/index.php?rest_route=\/wp\/v2\/posts\/16230\/revisions"}],"predecessor-version":[{"id":16233,"href":"https:\/\/www.handball-ulm.de\/index.php?rest_route=\/wp\/v2\/posts\/16230\/revisions\/16233"}],"wp:featuredmedia":[{"embeddable":true,"href":"https:\/\/www.handball-ulm.de\/index.php?rest_route=\/wp\/v2\/media\/16231"}],"wp:attachment":[{"href":"https:\/\/www.handball-ulm.de\/index.php?rest_route=%2Fwp%2Fv2%2Fmedia&parent=16230"}],"wp:term":[{"taxonomy":"category","embeddable":true,"href":"https:\/\/www.handball-ulm.de\/index.php?rest_route=%2Fwp%2Fv2%2Fcategories&post=16230"},{"taxonomy":"post_tag","embeddable":true,"href":"https:\/\/www.handball-ulm.de\/index.php?rest_route=%2Fwp%2Fv2%2Ftags&post=16230"}],"curies":[{"name":"wp","href":"https:\/\/api.w.org\/{rel}","templated":true}]}}