{"id":1613,"date":"2019-09-09T00:14:27","date_gmt":"2019-09-08T22:14:27","guid":{"rendered":"https:\/\/www.handball-ulm.de\/?p=1613"},"modified":"2019-09-09T00:15:25","modified_gmt":"2019-09-08T22:15:25","slug":"maenner-1-abschlussbericht-saison-19-20","status":"publish","type":"post","link":"https:\/\/www.handball-ulm.de\/?p=1613","title":{"rendered":"M\u00e4nner 1: Saison Bericht 2019\/20"},"content":{"rendered":"<p>Nach der wohl verdienten Sommerpause ging es Mitte Juni f\u00fcr die Herren der SG Ulm\/Wiblingen wieder in die Halle, um erneut eine gewichtige Rolle in der Bezirksliga Bodensee-Donau zu spielen.<\/p>\n<p>Leider werden die Leistungstr\u00e4ger Christoph Wolfert, Mihael Antunovic und Simon Juarez in der neuen Saison auf dem Spielfeld fehlen. Christoph Wolfert bleibt der SG als Verantwortlicher der Herrenmannschaft erhalten und unterst\u00fctzt das erweiterte Trainerteam. Die Nachwuchsspieler Florian D\u00f6rfler und Andreas M\u00fcller r\u00fccken diese Saison n\u00e4her an die Herrenmannschaft ran und werden mit Sicherheit ihre Einsatzzeiten erhalten. R\u00fcckkehrer Patrick Miller ist die namhafteste Verst\u00e4rkung und wird besonders in der Abwehr gebraucht werden. Aus der Zweiten haben Daniel Masoldt, Hannes Kaifel und Dan Kranz ihre Anspr\u00fcche in der Ersten angemeldet und nutzen derzeit ihre Chance in der Vorbereitung. Zus\u00e4tzlich sind mit Yannick Beres und Reinel Schebesta zwei Neuzug\u00e4nge zu verzeichnen. Aufgrund dieses mittelgro\u00dfen Umbruchs wird es sicherlich keine leichte Saison, aber das vordere Drittel wurde als Mindestziel ausgegeben.<br \/>\nDas bereits erw\u00e4hnte Trainerteam um Andreas Bodschwinna wird erweitert durch Co-Trainer und Ex-Spieler Fabian Sp\u00e4th und Torwarttrainer Daniel Knippenberg. Ob sich dem Team noch ein zus\u00e4tzlicher Betreuer f\u00fcr die Spiele und ein Physio anschlie\u00dfend wird, bleibt abzuwarten.<\/p>\n<p>Die erste Vorbereitungsphase ist mit Beginn der Sommerferien abgeschlossen und das Fazit nach sieben Wochen Training und mehreren Testspiel ist weitestgehend positiv. Die jungen tasten sich ran, die Neuzug\u00e4nge integrieren sich sowohl menschlich als auch spielerisch und die Spieler aus der Zweiten h\u00e4ngen sich voll rein, um ihre Chance zu nutzen.<br \/>\nBedingt durch die Abg\u00e4nge auf den R\u00fcckraumposition ist der Coach gezwungen Spieler auf neuen Positionen zu testen, was viel Zeit in Anspruch nimmt und nicht immer gleich von Erfolg gekr\u00f6nt ist. Diese Umstellung wird die Mannschaft sicherlich bis in die ersten Spiele begleiten. Die zweite Phase der Vorbereitung mit dem Trainingslager und drei Testspielen wird zeigen, ob das Ziel oberes Tabellendrittel realisierbar ist.<\/p>\n<p>Den Saisonauftakt am 14.9. bestreitet die Erste gegen die HSG Langenau\/Elchingen 2 wie gewohnt in der Tannenplatzhalle um 20 Uhr. Die Mannschaft freut sich auf viele gut gelaunte Zuschauer und eine erfolgreiche Saison 2019\/2020.<\/p>\n<p>Eure Erste<\/p>\n","protected":false},"excerpt":{"rendered":"<p>Nach der wohl verdienten Sommerpause ging es Mitte Juni f\u00fcr die Herren der SG Ulm\/Wiblingen wieder in die Halle, um erneut eine gewichtige Rolle in der Bezirksliga Bodensee-Donau zu spielen. Leider werden die Leistungstr\u00e4ger Christoph Wolfert, Mihael Antunovic und Simon Juarez in der neuen Saison auf dem Spielfeld fehlen. Christoph Wolfert bleibt der SG als [&hellip;]<\/p>\n<br\/><br\/><a class=\"read-more\" href=\"https:\/\/www.handball-ulm.de\/?p=1613\"> Mehr lesen...<\/a>","protected":false},"author":1,"featured_media":0,"comment_status":"closed","ping_status":"closed","sticky":false,"template":"","format":"standard","meta":{"ngg_post_thumbnail":0,"footnotes":""},"categories":[11,63],"tags":[],"_links":{"self":[{"href":"https:\/\/www.handball-ulm.de\/index.php?rest_route=\/wp\/v2\/posts\/1613"}],"collection":[{"href":"https:\/\/www.handball-ulm.de\/index.php?rest_route=\/wp\/v2\/posts"}],"about":[{"href":"https:\/\/www.handball-ulm.de\/index.php?rest_route=\/wp\/v2\/types\/post"}],"author":[{"embeddable":true,"href":"https:\/\/www.handball-ulm.de\/index.php?rest_route=\/wp\/v2\/users\/1"}],"replies":[{"embeddable":true,"href":"https:\/\/www.handball-ulm.de\/index.php?rest_route=%2Fwp%2Fv2%2Fcomments&post=1613"}],"version-history":[{"count":4,"href":"https:\/\/www.handball-ulm.de\/index.php?rest_route=\/wp\/v2\/posts\/1613\/revisions"}],"predecessor-version":[{"id":1617,"href":"https:\/\/www.handball-ulm.de\/index.php?rest_route=\/wp\/v2\/posts\/1613\/revisions\/1617"}],"wp:attachment":[{"href":"https:\/\/www.handball-ulm.de\/index.php?rest_route=%2Fwp%2Fv2%2Fmedia&parent=1613"}],"wp:term":[{"taxonomy":"category","embeddable":true,"href":"https:\/\/www.handball-ulm.de\/index.php?rest_route=%2Fwp%2Fv2%2Fcategories&post=1613"},{"taxonomy":"post_tag","embeddable":true,"href":"https:\/\/www.handball-ulm.de\/index.php?rest_route=%2Fwp%2Fv2%2Ftags&post=1613"}],"curies":[{"name":"wp","href":"https:\/\/api.w.org\/{rel}","templated":true}]}}