{"id":16100,"date":"2024-01-20T19:45:00","date_gmt":"2024-01-20T18:45:00","guid":{"rendered":"https:\/\/www.handball-ulm.de\/?p=16100"},"modified":"2024-01-29T12:51:52","modified_gmt":"2024-01-29T11:51:52","slug":"maenner-1-ravensburger-rams","status":"publish","type":"post","link":"https:\/\/www.handball-ulm.de\/?p=16100","title":{"rendered":"M\u00e4nner 1 &#8211; Ravensburger RAMS"},"content":{"rendered":"\n<p>Das mit Spannung erwartete Handballspiel in der M\u00e4nner 1 Bezirksliga zwischen dem TSB 1847 Ravensburg und der SG Ulm &amp; Wiblingen fand am 20.01.2024 um 18:00 Uhr in Ravensburg statt. Die SG Ulm &amp; Wiblingen trat von Anfang an mit einer geschw\u00e4chten Bank an, was die Herausforderung zus\u00e4tzlich betonte. Zahlreiche Verletzungen, darunter die Ausf\u00e4lle von Daniel Masoldt, Marcel Bart, Linus Bialojan, Markus Leno und Hannes Kaifel, belasteten die Mannschaft.<\/p>\n\n\n\n<p>Trotz dieser Widrigkeiten zeigte die M\u00e4nner 1 der SG Ulm &amp; Wiblingen eine beeindruckende k\u00e4mpferische Leistung, insbesondere in der zweiten Halbzeit. Andreas M\u00fcller, der mit 10 erzielten Toren einen gro\u00dfartigen Tag erwischte, war ein starker Gegner f\u00fcr die Heimmannschaft aus Ravensburg. Die SG Ulm &amp; Wiblingen k\u00e4mpfte verbissen, jedoch reichte es nicht aus, den Vorsprung der Heimmannschaft zu \u00fcberwinden.<\/p>\n\n\n\n<p>Die SG Ulm &amp; Wiblingen w\u00fcnscht ihren verletzten Spielern eine rasche und vollst\u00e4ndige Genesung. Nach dem intensiven Spiel versammelte sich die Mannschaft, um gemeinsam die Deutsche Nationalmannschaft anzufeuern, und schmiedete Pl\u00e4ne f\u00fcr die kommenden Herausforderungen in der M\u00e4nner 1 Bezirksliga.<\/p>\n\n\n\n<figure class=\"wp-block-image size-large\"><img loading=\"lazy\" decoding=\"async\" width=\"1024\" height=\"538\" src=\"https:\/\/www.handball-ulm.de\/wp-content\/uploads\/2024\/01\/baenderdehnung.jpeg\" alt=\"\" class=\"wp-image-16102\" srcset=\"https:\/\/www.handball-ulm.de\/wp-content\/uploads\/2024\/01\/baenderdehnung.jpeg 1024w, https:\/\/www.handball-ulm.de\/wp-content\/uploads\/2024\/01\/baenderdehnung-300x158.jpeg 300w, https:\/\/www.handball-ulm.de\/wp-content\/uploads\/2024\/01\/baenderdehnung-768x404.jpeg 768w\" sizes=\"(max-width: 1024px) 100vw, 1024px\" \/><\/figure>\n","protected":false},"excerpt":{"rendered":"<p>Zu viele Verletzte<\/p>\n<br\/><br\/><a class=\"read-more\" href=\"https:\/\/www.handball-ulm.de\/?p=16100\"> Mehr lesen...<\/a>","protected":false},"author":10,"featured_media":6513,"comment_status":"closed","ping_status":"closed","sticky":false,"template":"","format":"standard","meta":{"ngg_post_thumbnail":0,"footnotes":""},"categories":[85,11,63],"tags":[],"_links":{"self":[{"href":"https:\/\/www.handball-ulm.de\/index.php?rest_route=\/wp\/v2\/posts\/16100"}],"collection":[{"href":"https:\/\/www.handball-ulm.de\/index.php?rest_route=\/wp\/v2\/posts"}],"about":[{"href":"https:\/\/www.handball-ulm.de\/index.php?rest_route=\/wp\/v2\/types\/post"}],"author":[{"embeddable":true,"href":"https:\/\/www.handball-ulm.de\/index.php?rest_route=\/wp\/v2\/users\/10"}],"replies":[{"embeddable":true,"href":"https:\/\/www.handball-ulm.de\/index.php?rest_route=%2Fwp%2Fv2%2Fcomments&post=16100"}],"version-history":[{"count":2,"href":"https:\/\/www.handball-ulm.de\/index.php?rest_route=\/wp\/v2\/posts\/16100\/revisions"}],"predecessor-version":[{"id":16103,"href":"https:\/\/www.handball-ulm.de\/index.php?rest_route=\/wp\/v2\/posts\/16100\/revisions\/16103"}],"wp:featuredmedia":[{"embeddable":true,"href":"https:\/\/www.handball-ulm.de\/index.php?rest_route=\/wp\/v2\/media\/6513"}],"wp:attachment":[{"href":"https:\/\/www.handball-ulm.de\/index.php?rest_route=%2Fwp%2Fv2%2Fmedia&parent=16100"}],"wp:term":[{"taxonomy":"category","embeddable":true,"href":"https:\/\/www.handball-ulm.de\/index.php?rest_route=%2Fwp%2Fv2%2Fcategories&post=16100"},{"taxonomy":"post_tag","embeddable":true,"href":"https:\/\/www.handball-ulm.de\/index.php?rest_route=%2Fwp%2Fv2%2Ftags&post=16100"}],"curies":[{"name":"wp","href":"https:\/\/api.w.org\/{rel}","templated":true}]}}