{"id":16043,"date":"2023-12-31T23:42:00","date_gmt":"2023-12-31T22:42:00","guid":{"rendered":"https:\/\/www.handball-ulm.de\/?p=16043"},"modified":"2024-04-04T22:30:47","modified_gmt":"2024-04-04T20:30:47","slug":"trainerinnenwechsel-bei-der-weiblichen-b-jugend","status":"publish","type":"post","link":"https:\/\/www.handball-ulm.de\/?p=16043","title":{"rendered":"Trainerinnenwechsel bei der weiblichen B-Jugend"},"content":{"rendered":"\n<figure class=\"wp-block-image size-medium\"><img loading=\"lazy\" decoding=\"async\" width=\"300\" height=\"300\" src=\"https:\/\/www.handball-ulm.de\/wp-content\/uploads\/2024\/01\/Hannah-300x300.jpeg\" alt=\"\" class=\"wp-image-16044\" srcset=\"https:\/\/www.handball-ulm.de\/wp-content\/uploads\/2024\/01\/Hannah-300x300.jpeg 300w, https:\/\/www.handball-ulm.de\/wp-content\/uploads\/2024\/01\/Hannah-150x150.jpeg 150w, https:\/\/www.handball-ulm.de\/wp-content\/uploads\/2024\/01\/Hannah-768x768.jpeg 768w, https:\/\/www.handball-ulm.de\/wp-content\/uploads\/2024\/01\/Hannah-600x600.jpeg 600w, https:\/\/www.handball-ulm.de\/wp-content\/uploads\/2024\/01\/Hannah.jpeg 800w\" sizes=\"(max-width: 300px) 100vw, 300px\" \/><\/figure>\n\n\n\n<p>Mein Name ist Hannah Khater. <br>Kurz vor Weihnachten habe ich neben Dinah Reitz die Position als Trainerin der weiblichen B-Jugend 1 in der W\u00fcrttembergliga \u00fcbernommen. Damit jeder wei\u00df, wer u.a. die M\u00e4dels zuk\u00fcnftig vom Spielfeldrand aus unterst\u00fctzt, findet ihr nachfolgend ein paar Einblicke zu meinem Werdegang. Urspr\u00fcnglich stamme ich aus Vogt &#8211; ja, genau, die Halle mit dem gelben Inventar. Seit meiner Kindheit bin ich in den Handballhallen unterwegs. Durch meine berufliche Ausbildung am Bodensee, meinem Bachelorstudium im Allg\u00e4u, einem unwiderstehlichen Angebot im Schussental und inzwischen meinem Masterstudium in Ulm ist meine Leidenschaft stets mit mir gewandert. Obwohl das Studium der Elektrotechnik meinen Alltag sehr vereinnahmt, finde ich als aktive Spielerin f\u00fcr den TV Gerhausen in der W\u00fcrttembergliga sportlichen Ausgleich.<\/p>\n\n\n\n<p>Vor einigen Jahren entdeckte ich w\u00e4hrend einer Verletzungspause meine Leidenschaft f\u00fcr das Traineramt und \u00fcbernahm eine weibliche D-Jugend beim TV Weingarten. Nach dem Erwerb der C-Lizenz erhielt ich das Angebot, Bezirksauswahlmannschaften des HVW zu betreuen. Zum Start meines Masters habe ich mich aus der Verantwortung als Trainerin zur\u00fcckgezogen, um mich auf die berufliche Karriere zu konzentrieren. Jedoch konnte ich vor Weihnachten dem Angebot, die weibliche B-Jugend der SG Ulm zu \u00fcbernehmen, nicht widerstehen. Mich fasziniert besonders die Geschwindigkeit, Motivation und das Talent, das die M\u00e4dels mitbringen. F\u00fcr mich als Trainerin ein absoluter Gl\u00fccksgriff, mit Dinah zusammen!<br>W\u00e4hrend der &#8222;Lundaspelen&#8220; hatte ich die Gelegenheit, die Mannschaft spontan als Trainerin zu begleiten. Nach einer intensiven, einw\u00f6chigen Kennenlernphase in Schweden ist nun der Grundstein f\u00fcr eine erfolgreiche restliche&nbsp;Saison&nbsp;gelegt.<\/p>\n","protected":false},"excerpt":{"rendered":"<p>Mein Name ist Hannah Khater. Kurz vor Weihnachten habe ich neben Dinah Reitz die Position als Trainerin der weiblichen B-Jugend 1 in der W\u00fcrttembergliga \u00fcbernommen. Damit jeder wei\u00df, wer u.a. die M\u00e4dels zuk\u00fcnftig vom Spielfeldrand aus unterst\u00fctzt, findet ihr nachfolgend ein paar Einblicke zu meinem Werdegang. Urspr\u00fcnglich stamme ich aus Vogt &#8211; ja, genau, die [&hellip;]<\/p>\n<br\/><br\/><a class=\"read-more\" href=\"https:\/\/www.handball-ulm.de\/?p=16043\"> Mehr lesen...<\/a>","protected":false},"author":10,"featured_media":16044,"comment_status":"closed","ping_status":"closed","sticky":false,"template":"","format":"standard","meta":{"ngg_post_thumbnail":0,"footnotes":""},"categories":[18],"tags":[],"_links":{"self":[{"href":"https:\/\/www.handball-ulm.de\/index.php?rest_route=\/wp\/v2\/posts\/16043"}],"collection":[{"href":"https:\/\/www.handball-ulm.de\/index.php?rest_route=\/wp\/v2\/posts"}],"about":[{"href":"https:\/\/www.handball-ulm.de\/index.php?rest_route=\/wp\/v2\/types\/post"}],"author":[{"embeddable":true,"href":"https:\/\/www.handball-ulm.de\/index.php?rest_route=\/wp\/v2\/users\/10"}],"replies":[{"embeddable":true,"href":"https:\/\/www.handball-ulm.de\/index.php?rest_route=%2Fwp%2Fv2%2Fcomments&post=16043"}],"version-history":[{"count":3,"href":"https:\/\/www.handball-ulm.de\/index.php?rest_route=\/wp\/v2\/posts\/16043\/revisions"}],"predecessor-version":[{"id":16403,"href":"https:\/\/www.handball-ulm.de\/index.php?rest_route=\/wp\/v2\/posts\/16043\/revisions\/16403"}],"wp:featuredmedia":[{"embeddable":true,"href":"https:\/\/www.handball-ulm.de\/index.php?rest_route=\/wp\/v2\/media\/16044"}],"wp:attachment":[{"href":"https:\/\/www.handball-ulm.de\/index.php?rest_route=%2Fwp%2Fv2%2Fmedia&parent=16043"}],"wp:term":[{"taxonomy":"category","embeddable":true,"href":"https:\/\/www.handball-ulm.de\/index.php?rest_route=%2Fwp%2Fv2%2Fcategories&post=16043"},{"taxonomy":"post_tag","embeddable":true,"href":"https:\/\/www.handball-ulm.de\/index.php?rest_route=%2Fwp%2Fv2%2Ftags&post=16043"}],"curies":[{"name":"wp","href":"https:\/\/api.w.org\/{rel}","templated":true}]}}