{"id":15500,"date":"2023-12-17T14:18:53","date_gmt":"2023-12-17T13:18:53","guid":{"rendered":"https:\/\/www.handball-ulm.de\/?p=15500"},"modified":"2024-01-22T10:41:49","modified_gmt":"2024-01-22T09:41:49","slug":"maennliche-c-jugend-1-jh-soeflingen-lehr","status":"publish","type":"post","link":"https:\/\/www.handball-ulm.de\/?p=15500","title":{"rendered":"M\u00e4nnliche C-Jugend 1 \u2013 JH S\u00f6flingen\/Lehr"},"content":{"rendered":"\n<p>F\u00fcr manche Menschen mag 11:30 Uhr an einem Sonntag schon zum Mittag z\u00e4hlen. F\u00fcr unsere m\u00e4nnliche C-Jugend wirkte es eher wie ein sehr fr\u00fcher Vormittag. Entsprechend gelassen startete die Partie. Zwar konnten die Ulmer Jungs sofort in F\u00fchrung gehen und gaben diese auch nicht mehr her, jedoch sollte die F\u00fchrung lange Zeit nie mehr als ein oder zwei Tore betragen. Zur Halbzeit lagen die Ulmer dann doch mit sechs vorn. Leider gab es immer wieder unn\u00f6tige Zwei-Minuten-Strafen, die den S\u00f6flingern die Chance gaben, das Ergebnis zu verfeinern und nochmals auf einen Zwei-Tore-Abstand zu kommen. N\u00e4her lie\u00dfen die Ulmer die Gastgeber nie heran. Die individuelle St\u00e4rke war bei den G\u00e4sten doch gr\u00f6\u00dfer.<\/p>\n\n\n\n<p>In der letzten Minute fiel das Tor zum 27 \u2013 21 f\u00fcr Ulm. Wir freuen uns \u00fcber verdiente zwei Punkte und danken unseren Gegnern f\u00fcr das faire Spiel, dem Schiedsrichter f\u00fcr seine Zeit und w\u00fcnschen dem verletzten Spieler gute Besserung. Unseren Fans danken wir f\u00fcr ihre Treue und hoffen, sie auch im neuen Jahr wieder zahlreich begr\u00fc\u00dfen zu d\u00fcrfen.<\/p>\n\n\n\n<p>Eine l\u00e4ngere Punktspielpause erwartet die Jungs der C1 nun, die gut gef\u00fcllt wird mit einem Turnierbesuch in Lund\/Schweden und weiteren Turnieren im neuen Jahr.<\/p>\n\n\n\n<p>Tarik Sancak (7), Hannes K\u00fchner (5), Patrick Hecht (5), David Cremer (5), Julius Klein (2), Leon Eckerth (2), Philipp Schumacher (1), Julius Staud, Janosch Reitz<\/p>\n\n\n\n<figure class=\"wp-block-gallery columns-3 is-cropped wp-block-gallery-1 is-layout-flex wp-block-gallery-is-layout-flex\"><ul class=\"blocks-gallery-grid\"><li class=\"blocks-gallery-item\"><figure><img loading=\"lazy\" decoding=\"async\" width=\"1024\" height=\"683\" src=\"https:\/\/www.handball-ulm.de\/wp-content\/uploads\/2023\/12\/IMG-20231220-WA0011-1024x683.jpg\" alt=\"\" data-id=\"15549\" data-full-url=\"https:\/\/www.handball-ulm.de\/wp-content\/uploads\/2023\/12\/IMG-20231220-WA0011.jpg\" data-link=\"https:\/\/www.handball-ulm.de\/?attachment_id=15549\" class=\"wp-image-15549\" srcset=\"https:\/\/www.handball-ulm.de\/wp-content\/uploads\/2023\/12\/IMG-20231220-WA0011-1024x683.jpg 1024w, https:\/\/www.handball-ulm.de\/wp-content\/uploads\/2023\/12\/IMG-20231220-WA0011-300x200.jpg 300w, https:\/\/www.handball-ulm.de\/wp-content\/uploads\/2023\/12\/IMG-20231220-WA0011-768x512.jpg 768w, https:\/\/www.handball-ulm.de\/wp-content\/uploads\/2023\/12\/IMG-20231220-WA0011-600x400.jpg 600w, https:\/\/www.handball-ulm.de\/wp-content\/uploads\/2023\/12\/IMG-20231220-WA0011-1536x1024.jpg 1536w, https:\/\/www.handball-ulm.de\/wp-content\/uploads\/2023\/12\/IMG-20231220-WA0011-1170x780.jpg 1170w, https:\/\/www.handball-ulm.de\/wp-content\/uploads\/2023\/12\/IMG-20231220-WA0011.jpg 1600w\" sizes=\"(max-width: 1024px) 100vw, 1024px\" \/><\/figure><\/li><li class=\"blocks-gallery-item\"><figure><img loading=\"lazy\" decoding=\"async\" width=\"1024\" height=\"683\" src=\"https:\/\/www.handball-ulm.de\/wp-content\/uploads\/2023\/12\/IMG-20231220-WA0015-1024x683.jpg\" alt=\"\" data-id=\"15548\" data-full-url=\"https:\/\/www.handball-ulm.de\/wp-content\/uploads\/2023\/12\/IMG-20231220-WA0015.jpg\" data-link=\"https:\/\/www.handball-ulm.de\/?attachment_id=15548\" class=\"wp-image-15548\" srcset=\"https:\/\/www.handball-ulm.de\/wp-content\/uploads\/2023\/12\/IMG-20231220-WA0015-1024x683.jpg 1024w, https:\/\/www.handball-ulm.de\/wp-content\/uploads\/2023\/12\/IMG-20231220-WA0015-300x200.jpg 300w, https:\/\/www.handball-ulm.de\/wp-content\/uploads\/2023\/12\/IMG-20231220-WA0015-768x512.jpg 768w, https:\/\/www.handball-ulm.de\/wp-content\/uploads\/2023\/12\/IMG-20231220-WA0015-600x400.jpg 600w, https:\/\/www.handball-ulm.de\/wp-content\/uploads\/2023\/12\/IMG-20231220-WA0015-1536x1024.jpg 1536w, https:\/\/www.handball-ulm.de\/wp-content\/uploads\/2023\/12\/IMG-20231220-WA0015-1170x780.jpg 1170w, https:\/\/www.handball-ulm.de\/wp-content\/uploads\/2023\/12\/IMG-20231220-WA0015.jpg 1600w\" sizes=\"(max-width: 1024px) 100vw, 1024px\" \/><\/figure><\/li><li class=\"blocks-gallery-item\"><figure><img loading=\"lazy\" decoding=\"async\" width=\"1024\" height=\"683\" src=\"https:\/\/www.handball-ulm.de\/wp-content\/uploads\/2023\/12\/IMG-20231220-WA0014-1024x683.jpg\" alt=\"\" data-id=\"15554\" data-full-url=\"https:\/\/www.handball-ulm.de\/wp-content\/uploads\/2023\/12\/IMG-20231220-WA0014.jpg\" data-link=\"https:\/\/www.handball-ulm.de\/?attachment_id=15554\" class=\"wp-image-15554\" srcset=\"https:\/\/www.handball-ulm.de\/wp-content\/uploads\/2023\/12\/IMG-20231220-WA0014-1024x683.jpg 1024w, https:\/\/www.handball-ulm.de\/wp-content\/uploads\/2023\/12\/IMG-20231220-WA0014-300x200.jpg 300w, https:\/\/www.handball-ulm.de\/wp-content\/uploads\/2023\/12\/IMG-20231220-WA0014-768x512.jpg 768w, https:\/\/www.handball-ulm.de\/wp-content\/uploads\/2023\/12\/IMG-20231220-WA0014-600x400.jpg 600w, https:\/\/www.handball-ulm.de\/wp-content\/uploads\/2023\/12\/IMG-20231220-WA0014-1536x1024.jpg 1536w, https:\/\/www.handball-ulm.de\/wp-content\/uploads\/2023\/12\/IMG-20231220-WA0014-1170x780.jpg 1170w, https:\/\/www.handball-ulm.de\/wp-content\/uploads\/2023\/12\/IMG-20231220-WA0014.jpg 1600w\" sizes=\"(max-width: 1024px) 100vw, 1024px\" \/><\/figure><\/li><li class=\"blocks-gallery-item\"><figure><img loading=\"lazy\" decoding=\"async\" width=\"1024\" height=\"683\" src=\"https:\/\/www.handball-ulm.de\/wp-content\/uploads\/2023\/12\/IMG-20231220-WA0016-1024x683.jpg\" alt=\"\" data-id=\"15550\" data-full-url=\"https:\/\/www.handball-ulm.de\/wp-content\/uploads\/2023\/12\/IMG-20231220-WA0016.jpg\" data-link=\"https:\/\/www.handball-ulm.de\/?attachment_id=15550\" class=\"wp-image-15550\" srcset=\"https:\/\/www.handball-ulm.de\/wp-content\/uploads\/2023\/12\/IMG-20231220-WA0016-1024x683.jpg 1024w, https:\/\/www.handball-ulm.de\/wp-content\/uploads\/2023\/12\/IMG-20231220-WA0016-300x200.jpg 300w, https:\/\/www.handball-ulm.de\/wp-content\/uploads\/2023\/12\/IMG-20231220-WA0016-768x512.jpg 768w, https:\/\/www.handball-ulm.de\/wp-content\/uploads\/2023\/12\/IMG-20231220-WA0016-600x400.jpg 600w, https:\/\/www.handball-ulm.de\/wp-content\/uploads\/2023\/12\/IMG-20231220-WA0016-1536x1024.jpg 1536w, https:\/\/www.handball-ulm.de\/wp-content\/uploads\/2023\/12\/IMG-20231220-WA0016-1170x780.jpg 1170w, https:\/\/www.handball-ulm.de\/wp-content\/uploads\/2023\/12\/IMG-20231220-WA0016.jpg 1600w\" sizes=\"(max-width: 1024px) 100vw, 1024px\" \/><\/figure><\/li><li class=\"blocks-gallery-item\"><figure><img loading=\"lazy\" decoding=\"async\" width=\"1024\" height=\"683\" src=\"https:\/\/www.handball-ulm.de\/wp-content\/uploads\/2023\/12\/IMG-20231220-WA0018-1024x683.jpg\" alt=\"\" data-id=\"15551\" data-full-url=\"https:\/\/www.handball-ulm.de\/wp-content\/uploads\/2023\/12\/IMG-20231220-WA0018.jpg\" data-link=\"https:\/\/www.handball-ulm.de\/?attachment_id=15551\" class=\"wp-image-15551\" srcset=\"https:\/\/www.handball-ulm.de\/wp-content\/uploads\/2023\/12\/IMG-20231220-WA0018-1024x683.jpg 1024w, https:\/\/www.handball-ulm.de\/wp-content\/uploads\/2023\/12\/IMG-20231220-WA0018-300x200.jpg 300w, https:\/\/www.handball-ulm.de\/wp-content\/uploads\/2023\/12\/IMG-20231220-WA0018-768x512.jpg 768w, https:\/\/www.handball-ulm.de\/wp-content\/uploads\/2023\/12\/IMG-20231220-WA0018-600x400.jpg 600w, https:\/\/www.handball-ulm.de\/wp-content\/uploads\/2023\/12\/IMG-20231220-WA0018-1536x1024.jpg 1536w, https:\/\/www.handball-ulm.de\/wp-content\/uploads\/2023\/12\/IMG-20231220-WA0018-1170x780.jpg 1170w, https:\/\/www.handball-ulm.de\/wp-content\/uploads\/2023\/12\/IMG-20231220-WA0018.jpg 1600w\" sizes=\"(max-width: 1024px) 100vw, 1024px\" \/><\/figure><\/li><li class=\"blocks-gallery-item\"><figure><img loading=\"lazy\" decoding=\"async\" width=\"1024\" height=\"683\" src=\"https:\/\/www.handball-ulm.de\/wp-content\/uploads\/2023\/12\/IMG-20231220-WA0017-1024x683.jpg\" alt=\"\" data-id=\"15552\" data-full-url=\"https:\/\/www.handball-ulm.de\/wp-content\/uploads\/2023\/12\/IMG-20231220-WA0017.jpg\" data-link=\"https:\/\/www.handball-ulm.de\/?attachment_id=15552\" class=\"wp-image-15552\" srcset=\"https:\/\/www.handball-ulm.de\/wp-content\/uploads\/2023\/12\/IMG-20231220-WA0017-1024x683.jpg 1024w, https:\/\/www.handball-ulm.de\/wp-content\/uploads\/2023\/12\/IMG-20231220-WA0017-300x200.jpg 300w, https:\/\/www.handball-ulm.de\/wp-content\/uploads\/2023\/12\/IMG-20231220-WA0017-768x512.jpg 768w, https:\/\/www.handball-ulm.de\/wp-content\/uploads\/2023\/12\/IMG-20231220-WA0017-600x400.jpg 600w, https:\/\/www.handball-ulm.de\/wp-content\/uploads\/2023\/12\/IMG-20231220-WA0017-1536x1024.jpg 1536w, https:\/\/www.handball-ulm.de\/wp-content\/uploads\/2023\/12\/IMG-20231220-WA0017-1170x780.jpg 1170w, https:\/\/www.handball-ulm.de\/wp-content\/uploads\/2023\/12\/IMG-20231220-WA0017.jpg 1600w\" sizes=\"(max-width: 1024px) 100vw, 1024px\" \/><\/figure><\/li><li class=\"blocks-gallery-item\"><figure><img loading=\"lazy\" decoding=\"async\" width=\"1024\" height=\"683\" src=\"https:\/\/www.handball-ulm.de\/wp-content\/uploads\/2023\/12\/IMG-20231220-WA0012-1024x683.jpg\" alt=\"\" data-id=\"15553\" data-full-url=\"https:\/\/www.handball-ulm.de\/wp-content\/uploads\/2023\/12\/IMG-20231220-WA0012.jpg\" data-link=\"https:\/\/www.handball-ulm.de\/?attachment_id=15553\" class=\"wp-image-15553\" srcset=\"https:\/\/www.handball-ulm.de\/wp-content\/uploads\/2023\/12\/IMG-20231220-WA0012-1024x683.jpg 1024w, https:\/\/www.handball-ulm.de\/wp-content\/uploads\/2023\/12\/IMG-20231220-WA0012-300x200.jpg 300w, https:\/\/www.handball-ulm.de\/wp-content\/uploads\/2023\/12\/IMG-20231220-WA0012-768x512.jpg 768w, https:\/\/www.handball-ulm.de\/wp-content\/uploads\/2023\/12\/IMG-20231220-WA0012-600x400.jpg 600w, https:\/\/www.handball-ulm.de\/wp-content\/uploads\/2023\/12\/IMG-20231220-WA0012-1536x1024.jpg 1536w, https:\/\/www.handball-ulm.de\/wp-content\/uploads\/2023\/12\/IMG-20231220-WA0012-1170x780.jpg 1170w, https:\/\/www.handball-ulm.de\/wp-content\/uploads\/2023\/12\/IMG-20231220-WA0012.jpg 1600w\" sizes=\"(max-width: 1024px) 100vw, 1024px\" \/><\/figure><\/li><li class=\"blocks-gallery-item\"><figure><img loading=\"lazy\" decoding=\"async\" width=\"1024\" height=\"683\" src=\"https:\/\/www.handball-ulm.de\/wp-content\/uploads\/2023\/12\/IMG-20231220-WA0013-1-1024x683.jpg\" alt=\"\" data-id=\"15547\" data-full-url=\"https:\/\/www.handball-ulm.de\/wp-content\/uploads\/2023\/12\/IMG-20231220-WA0013-1.jpg\" data-link=\"https:\/\/www.handball-ulm.de\/?attachment_id=15547\" class=\"wp-image-15547\" srcset=\"https:\/\/www.handball-ulm.de\/wp-content\/uploads\/2023\/12\/IMG-20231220-WA0013-1-1024x683.jpg 1024w, https:\/\/www.handball-ulm.de\/wp-content\/uploads\/2023\/12\/IMG-20231220-WA0013-1-300x200.jpg 300w, https:\/\/www.handball-ulm.de\/wp-content\/uploads\/2023\/12\/IMG-20231220-WA0013-1-768x512.jpg 768w, https:\/\/www.handball-ulm.de\/wp-content\/uploads\/2023\/12\/IMG-20231220-WA0013-1-600x400.jpg 600w, https:\/\/www.handball-ulm.de\/wp-content\/uploads\/2023\/12\/IMG-20231220-WA0013-1-1536x1024.jpg 1536w, https:\/\/www.handball-ulm.de\/wp-content\/uploads\/2023\/12\/IMG-20231220-WA0013-1-1170x780.jpg 1170w, https:\/\/www.handball-ulm.de\/wp-content\/uploads\/2023\/12\/IMG-20231220-WA0013-1.jpg 1600w\" sizes=\"(max-width: 1024px) 100vw, 1024px\" \/><\/figure><\/li><\/ul><\/figure>\n","protected":false},"excerpt":{"rendered":"<p>Ein Sonntagmorgen in S\u00f6flingen<\/p>\n<br\/><br\/><a class=\"read-more\" href=\"https:\/\/www.handball-ulm.de\/?p=15500\"> Mehr lesen...<\/a>","protected":false},"author":10,"featured_media":15546,"comment_status":"closed","ping_status":"closed","sticky":false,"template":"","format":"standard","meta":{"ngg_post_thumbnail":0,"footnotes":""},"categories":[85,19,63],"tags":[],"_links":{"self":[{"href":"https:\/\/www.handball-ulm.de\/index.php?rest_route=\/wp\/v2\/posts\/15500"}],"collection":[{"href":"https:\/\/www.handball-ulm.de\/index.php?rest_route=\/wp\/v2\/posts"}],"about":[{"href":"https:\/\/www.handball-ulm.de\/index.php?rest_route=\/wp\/v2\/types\/post"}],"author":[{"embeddable":true,"href":"https:\/\/www.handball-ulm.de\/index.php?rest_route=\/wp\/v2\/users\/10"}],"replies":[{"embeddable":true,"href":"https:\/\/www.handball-ulm.de\/index.php?rest_route=%2Fwp%2Fv2%2Fcomments&post=15500"}],"version-history":[{"count":3,"href":"https:\/\/www.handball-ulm.de\/index.php?rest_route=\/wp\/v2\/posts\/15500\/revisions"}],"predecessor-version":[{"id":16085,"href":"https:\/\/www.handball-ulm.de\/index.php?rest_route=\/wp\/v2\/posts\/15500\/revisions\/16085"}],"wp:featuredmedia":[{"embeddable":true,"href":"https:\/\/www.handball-ulm.de\/index.php?rest_route=\/wp\/v2\/media\/15546"}],"wp:attachment":[{"href":"https:\/\/www.handball-ulm.de\/index.php?rest_route=%2Fwp%2Fv2%2Fmedia&parent=15500"}],"wp:term":[{"taxonomy":"category","embeddable":true,"href":"https:\/\/www.handball-ulm.de\/index.php?rest_route=%2Fwp%2Fv2%2Fcategories&post=15500"},{"taxonomy":"post_tag","embeddable":true,"href":"https:\/\/www.handball-ulm.de\/index.php?rest_route=%2Fwp%2Fv2%2Ftags&post=15500"}],"curies":[{"name":"wp","href":"https:\/\/api.w.org\/{rel}","templated":true}]}}