{"id":15491,"date":"2023-12-15T16:35:58","date_gmt":"2023-12-15T15:35:58","guid":{"rendered":"https:\/\/www.handball-ulm.de\/?p=15491"},"modified":"2023-12-15T16:36:36","modified_gmt":"2023-12-15T15:36:36","slug":"vom-tabellenfuehrer-zum-schlusslicht","status":"publish","type":"post","link":"https:\/\/www.handball-ulm.de\/?p=15491","title":{"rendered":"Vom Tabellenf\u00fchrer zum -schlusslicht"},"content":{"rendered":"\n<p>(AM) Am kommenden Samstag finden sich unsere Damen 1 zum Derby beim SC Lehr 2 ein. Nachdem letzte Woche der 15-min\u00fctige Leistungseinbruch die Chance auf ein knappes Spiel leider verhindert hat, sind die Ulmerinnen diese Woche umso entschlossener, das zweite Stadtderby f\u00fcr sich zu entscheiden. Die Gastgeberinnen konnten bisher noch keinen Sieg f\u00fcr sich verbuchen, werden aber die Punkte mit Sicherheit nicht kampflos herausr\u00fccken. Anpfiff ist um 17:00 Uhr in Lehr \u2013 kommt vorbei!<\/p>\n","protected":false},"excerpt":{"rendered":"<p>Vorbericht Damen 1: SC Lehr 2 &#8211; SG Ulm &#038; Wiblingen<\/p>\n<br\/><br\/><a class=\"read-more\" href=\"https:\/\/www.handball-ulm.de\/?p=15491\"> Mehr lesen...<\/a>","protected":false},"author":16,"featured_media":0,"comment_status":"closed","ping_status":"closed","sticky":false,"template":"","format":"standard","meta":{"ngg_post_thumbnail":0,"footnotes":""},"categories":[85,13,63],"tags":[],"_links":{"self":[{"href":"https:\/\/www.handball-ulm.de\/index.php?rest_route=\/wp\/v2\/posts\/15491"}],"collection":[{"href":"https:\/\/www.handball-ulm.de\/index.php?rest_route=\/wp\/v2\/posts"}],"about":[{"href":"https:\/\/www.handball-ulm.de\/index.php?rest_route=\/wp\/v2\/types\/post"}],"author":[{"embeddable":true,"href":"https:\/\/www.handball-ulm.de\/index.php?rest_route=\/wp\/v2\/users\/16"}],"replies":[{"embeddable":true,"href":"https:\/\/www.handball-ulm.de\/index.php?rest_route=%2Fwp%2Fv2%2Fcomments&post=15491"}],"version-history":[{"count":2,"href":"https:\/\/www.handball-ulm.de\/index.php?rest_route=\/wp\/v2\/posts\/15491\/revisions"}],"predecessor-version":[{"id":15493,"href":"https:\/\/www.handball-ulm.de\/index.php?rest_route=\/wp\/v2\/posts\/15491\/revisions\/15493"}],"wp:attachment":[{"href":"https:\/\/www.handball-ulm.de\/index.php?rest_route=%2Fwp%2Fv2%2Fmedia&parent=15491"}],"wp:term":[{"taxonomy":"category","embeddable":true,"href":"https:\/\/www.handball-ulm.de\/index.php?rest_route=%2Fwp%2Fv2%2Fcategories&post=15491"},{"taxonomy":"post_tag","embeddable":true,"href":"https:\/\/www.handball-ulm.de\/index.php?rest_route=%2Fwp%2Fv2%2Ftags&post=15491"}],"curies":[{"name":"wp","href":"https:\/\/api.w.org\/{rel}","templated":true}]}}