{"id":1539,"date":"2019-09-08T23:25:44","date_gmt":"2019-09-08T21:25:44","guid":{"rendered":"https:\/\/www.handball-ulm.de\/?p=1539"},"modified":"2019-09-08T23:25:45","modified_gmt":"2019-09-08T21:25:45","slug":"maennlich-a-saison-bericht-2019-20","status":"publish","type":"post","link":"https:\/\/www.handball-ulm.de\/?p=1539","title":{"rendered":"M\u00e4nnlich A: Saison Bericht 2019\/20"},"content":{"rendered":"<p>Die selbst ernannten \u201ePink Panther\u201c gehen hoch motiviert in die Saison 19\/20 und freuen sich \u00fcber viel Unterst\u00fctzung in der Tannenplatzhalle f\u00fcr die neue Saison. Leider sind wir in der ersten Qualifikationsrunde f\u00fcr die Landesliga ausgeschieden. Was nicht bedeuten sollte, dass wir im Kampf um den Bezirksliga Startplatz zittern mussten. Hier konnten sich die Jungs der A-Jugend mit einem unangefochtenen Durchmarsch behaupten. Miha wird uns leider f\u00fcr ein Auslandssemester die Hinrunde fehlen, in dieser Zeit wird uns Matthias als Interimstrainer unterst\u00fctzen. Wir w\u00fcnschen allen Mannschaften eine erfolgreiche Saison 19\/20.<\/p>\n<p>Die A-Jugend<\/p>\n","protected":false},"excerpt":{"rendered":"<p>Die selbst ernannten \u201ePink Panther\u201c gehen hoch motiviert in die Saison 19\/20 und freuen sich \u00fcber viel Unterst\u00fctzung in der Tannenplatzhalle f\u00fcr die neue Saison. Leider sind wir in der ersten Qualifikationsrunde f\u00fcr die Landesliga ausgeschieden. Was nicht bedeuten sollte, dass wir im Kampf um den Bezirksliga Startplatz zittern mussten. Hier konnten sich die Jungs [&hellip;]<\/p>\n<br\/><br\/><a class=\"read-more\" href=\"https:\/\/www.handball-ulm.de\/?p=1539\"> Mehr lesen...<\/a>","protected":false},"author":1,"featured_media":0,"comment_status":"closed","ping_status":"closed","sticky":false,"template":"","format":"standard","meta":{"ngg_post_thumbnail":0,"footnotes":""},"categories":[15],"tags":[],"_links":{"self":[{"href":"https:\/\/www.handball-ulm.de\/index.php?rest_route=\/wp\/v2\/posts\/1539"}],"collection":[{"href":"https:\/\/www.handball-ulm.de\/index.php?rest_route=\/wp\/v2\/posts"}],"about":[{"href":"https:\/\/www.handball-ulm.de\/index.php?rest_route=\/wp\/v2\/types\/post"}],"author":[{"embeddable":true,"href":"https:\/\/www.handball-ulm.de\/index.php?rest_route=\/wp\/v2\/users\/1"}],"replies":[{"embeddable":true,"href":"https:\/\/www.handball-ulm.de\/index.php?rest_route=%2Fwp%2Fv2%2Fcomments&post=1539"}],"version-history":[{"count":1,"href":"https:\/\/www.handball-ulm.de\/index.php?rest_route=\/wp\/v2\/posts\/1539\/revisions"}],"predecessor-version":[{"id":1540,"href":"https:\/\/www.handball-ulm.de\/index.php?rest_route=\/wp\/v2\/posts\/1539\/revisions\/1540"}],"wp:attachment":[{"href":"https:\/\/www.handball-ulm.de\/index.php?rest_route=%2Fwp%2Fv2%2Fmedia&parent=1539"}],"wp:term":[{"taxonomy":"category","embeddable":true,"href":"https:\/\/www.handball-ulm.de\/index.php?rest_route=%2Fwp%2Fv2%2Fcategories&post=1539"},{"taxonomy":"post_tag","embeddable":true,"href":"https:\/\/www.handball-ulm.de\/index.php?rest_route=%2Fwp%2Fv2%2Ftags&post=1539"}],"curies":[{"name":"wp","href":"https:\/\/api.w.org\/{rel}","templated":true}]}}