{"id":15375,"date":"2023-12-08T15:47:04","date_gmt":"2023-12-08T14:47:04","guid":{"rendered":"https:\/\/www.handball-ulm.de\/?p=15375"},"modified":"2023-12-08T15:47:07","modified_gmt":"2023-12-08T14:47:07","slug":"damen-1-erwarten-tabellenfuehrer","status":"publish","type":"post","link":"https:\/\/www.handball-ulm.de\/?p=15375","title":{"rendered":"Damen 1 erwarten Tabellenf\u00fchrer"},"content":{"rendered":"\n<p>(AM) Am kommenden Samstag empf\u00e4ngt die erste Damenmannschaft der SG Ulm &amp; Wiblingen den aktuellen Tabellenf\u00fchrer SG Argental 2. Bisher ungeschlagen sind die G\u00e4ste der klare Favorit, was auf der Ulmer Seite wiederum den Druck herausnimmt. Au\u00dferdem wurde bereits in der Vorbereitung bewiesen, dass wir gerade gegen die vermeintlich &#8222;besseren&#8220; Gegner stark aufspielen k\u00f6nnen. Anpfiff ist um 18:00 Uhr in der Tannenplatzhalle.<\/p>\n\n\n\n<p>Auf geht\u2019s, M\u00e4dels!<\/p>\n","protected":false},"excerpt":{"rendered":"<p>Vorbericht Damen 1: SG Ulm &#038; Wiblingen &#8211; SG Argental 2<\/p>\n<br\/><br\/><a class=\"read-more\" href=\"https:\/\/www.handball-ulm.de\/?p=15375\"> Mehr lesen...<\/a>","protected":false},"author":16,"featured_media":0,"comment_status":"closed","ping_status":"closed","sticky":false,"template":"","format":"standard","meta":{"ngg_post_thumbnail":0,"footnotes":""},"categories":[85,13,63],"tags":[],"_links":{"self":[{"href":"https:\/\/www.handball-ulm.de\/index.php?rest_route=\/wp\/v2\/posts\/15375"}],"collection":[{"href":"https:\/\/www.handball-ulm.de\/index.php?rest_route=\/wp\/v2\/posts"}],"about":[{"href":"https:\/\/www.handball-ulm.de\/index.php?rest_route=\/wp\/v2\/types\/post"}],"author":[{"embeddable":true,"href":"https:\/\/www.handball-ulm.de\/index.php?rest_route=\/wp\/v2\/users\/16"}],"replies":[{"embeddable":true,"href":"https:\/\/www.handball-ulm.de\/index.php?rest_route=%2Fwp%2Fv2%2Fcomments&post=15375"}],"version-history":[{"count":1,"href":"https:\/\/www.handball-ulm.de\/index.php?rest_route=\/wp\/v2\/posts\/15375\/revisions"}],"predecessor-version":[{"id":15376,"href":"https:\/\/www.handball-ulm.de\/index.php?rest_route=\/wp\/v2\/posts\/15375\/revisions\/15376"}],"wp:attachment":[{"href":"https:\/\/www.handball-ulm.de\/index.php?rest_route=%2Fwp%2Fv2%2Fmedia&parent=15375"}],"wp:term":[{"taxonomy":"category","embeddable":true,"href":"https:\/\/www.handball-ulm.de\/index.php?rest_route=%2Fwp%2Fv2%2Fcategories&post=15375"},{"taxonomy":"post_tag","embeddable":true,"href":"https:\/\/www.handball-ulm.de\/index.php?rest_route=%2Fwp%2Fv2%2Ftags&post=15375"}],"curies":[{"name":"wp","href":"https:\/\/api.w.org\/{rel}","templated":true}]}}