{"id":15299,"date":"2023-11-26T12:22:00","date_gmt":"2023-11-26T11:22:00","guid":{"rendered":"https:\/\/www.handball-ulm.de\/?p=15299"},"modified":"2023-12-04T19:21:20","modified_gmt":"2023-12-04T18:21:20","slug":"interne-trainerfortbildung-trainerdatenbank-der-sg-ulm-wiblingen","status":"publish","type":"post","link":"https:\/\/www.handball-ulm.de\/?p=15299","title":{"rendered":"Interne Trainerfortbildung \u2013 Trainerdatenbank der SG Ulm &#038; Wiblingen"},"content":{"rendered":"\n<figure class=\"wp-block-image size-large\"><img loading=\"lazy\" decoding=\"async\" width=\"1024\" height=\"580\" src=\"https:\/\/www.handball-ulm.de\/wp-content\/uploads\/2023\/12\/20231126_102134-1024x580.jpg\" alt=\"\" class=\"wp-image-15301\" srcset=\"https:\/\/www.handball-ulm.de\/wp-content\/uploads\/2023\/12\/20231126_102134-1024x580.jpg 1024w, https:\/\/www.handball-ulm.de\/wp-content\/uploads\/2023\/12\/20231126_102134-300x170.jpg 300w, https:\/\/www.handball-ulm.de\/wp-content\/uploads\/2023\/12\/20231126_102134-768x435.jpg 768w, https:\/\/www.handball-ulm.de\/wp-content\/uploads\/2023\/12\/20231126_102134-1536x870.jpg 1536w, https:\/\/www.handball-ulm.de\/wp-content\/uploads\/2023\/12\/20231126_102134-2048x1160.jpg 2048w, https:\/\/www.handball-ulm.de\/wp-content\/uploads\/2023\/12\/20231126_102134-1170x663.jpg 1170w\" sizes=\"(max-width: 1024px) 100vw, 1024px\" \/><\/figure>\n\n\n\n<p>Sonntagfr\u00fch, 9:45Uhr \u2013 es riecht nach Kaffee und Br\u00f6tchen in der Tannenzapfenh\u00f6lle.<\/p>\n\n\n\n<p>Die meisten Gesichter sind noch etwas m\u00fcde. Das Fr\u00fchst\u00fcck ist \u00fcppig, wie wir es gewohnt sind. Danke, liebe Susie, f\u00fcr die Orga.<\/p>\n\n\n\n<p>Interne Trainerfortbildung hei\u00dft das heutige Programm, durch das uns Corinna Beyerle f\u00fchren wird und an dem 28 Trainer teilnehmen k\u00f6nnen.<\/p>\n\n\n\n<p>Corinna ist Inhaberin der B-Lizenz und entlastet Ralf Eisinger, der bisher die meisten der Fortbildungen in der SG leitete. Das Thema ist die SG-Trainerdatenbank, die Corinna in vielen Stunden in die SG-Cloud hochgeladen hat. Unser ITler Tobi hat sie bei den technischen Fragen betreut.<\/p>\n\n\n\n<figure class=\"wp-block-image size-large\"><img loading=\"lazy\" decoding=\"async\" width=\"1024\" height=\"1016\" src=\"https:\/\/www.handball-ulm.de\/wp-content\/uploads\/2023\/12\/20231126_102216-1024x1016.jpg\" alt=\"\" class=\"wp-image-15302\" srcset=\"https:\/\/www.handball-ulm.de\/wp-content\/uploads\/2023\/12\/20231126_102216-1024x1016.jpg 1024w, https:\/\/www.handball-ulm.de\/wp-content\/uploads\/2023\/12\/20231126_102216-300x298.jpg 300w, https:\/\/www.handball-ulm.de\/wp-content\/uploads\/2023\/12\/20231126_102216-150x150.jpg 150w, https:\/\/www.handball-ulm.de\/wp-content\/uploads\/2023\/12\/20231126_102216-768x762.jpg 768w, https:\/\/www.handball-ulm.de\/wp-content\/uploads\/2023\/12\/20231126_102216-1536x1525.jpg 1536w, https:\/\/www.handball-ulm.de\/wp-content\/uploads\/2023\/12\/20231126_102216-2048x2033.jpg 2048w, https:\/\/www.handball-ulm.de\/wp-content\/uploads\/2023\/12\/20231126_102216-1170x1161.jpg 1170w\" sizes=\"(max-width: 1024px) 100vw, 1024px\" \/><\/figure>\n\n\n\n<p>Als 1. erkl\u00e4rt Corinna, wie die Trainer in die Datenbank kommen und wie sie dort navigieren oder Themen teilen k\u00f6nnen.<\/p>\n\n\n\n<figure class=\"wp-block-image size-large\"><img loading=\"lazy\" decoding=\"async\" width=\"1024\" height=\"1017\" src=\"https:\/\/www.handball-ulm.de\/wp-content\/uploads\/2023\/12\/20231126_103117-1024x1017.jpg\" alt=\"\" class=\"wp-image-15348\" srcset=\"https:\/\/www.handball-ulm.de\/wp-content\/uploads\/2023\/12\/20231126_103117-1024x1017.jpg 1024w, https:\/\/www.handball-ulm.de\/wp-content\/uploads\/2023\/12\/20231126_103117-300x298.jpg 300w, https:\/\/www.handball-ulm.de\/wp-content\/uploads\/2023\/12\/20231126_103117-150x150.jpg 150w, https:\/\/www.handball-ulm.de\/wp-content\/uploads\/2023\/12\/20231126_103117-768x762.jpg 768w, https:\/\/www.handball-ulm.de\/wp-content\/uploads\/2023\/12\/20231126_103117-1536x1525.jpg 1536w, https:\/\/www.handball-ulm.de\/wp-content\/uploads\/2023\/12\/20231126_103117-2048x2033.jpg 2048w, https:\/\/www.handball-ulm.de\/wp-content\/uploads\/2023\/12\/20231126_103117-1170x1161.jpg 1170w\" sizes=\"(max-width: 1024px) 100vw, 1024px\" \/><\/figure>\n\n\n\n<p>Anschlie\u00dfend werden alle Trainer aufgescheucht und Corinnas Lieblingsthema \u201eMAPS\u201c darf durch Mitmachen vertieft werden. Ein etwas forscher Jungtrainer meinte mal, wenn man sehr viel Zeit hat, fragt man unsere Corinna einfach nach MAPS. Er sei sicher, sie k\u00f6nne Tage mit diesem tollen Thema f\u00fcllen. \u263a<\/p>\n\n\n\n<p>Da unsere Referentin heute keine Tage, sondern nur 1,5 Stunden zur Verf\u00fcgung hat, peitscht sie durch die Themen. Das macht sie in einer unterhaltsamen, witzigen Art, dass auch die m\u00fcdesten Trainer immer wieder kichern und Lust bekommen, das Ein oder Andere zu probieren.<\/p>\n\n\n\n<figure class=\"wp-block-gallery columns-2 is-cropped wp-block-gallery-1 is-layout-flex wp-block-gallery-is-layout-flex\"><ul class=\"blocks-gallery-grid\"><li class=\"blocks-gallery-item\"><figure><img loading=\"lazy\" decoding=\"async\" width=\"1024\" height=\"840\" src=\"https:\/\/www.handball-ulm.de\/wp-content\/uploads\/2023\/12\/IMG_9744-1024x840.jpg\" alt=\"\" data-id=\"15351\" data-full-url=\"https:\/\/www.handball-ulm.de\/wp-content\/uploads\/2023\/12\/IMG_9744-scaled.jpg\" data-link=\"https:\/\/www.handball-ulm.de\/?attachment_id=15351\" class=\"wp-image-15351\" srcset=\"https:\/\/www.handball-ulm.de\/wp-content\/uploads\/2023\/12\/IMG_9744-1024x840.jpg 1024w, https:\/\/www.handball-ulm.de\/wp-content\/uploads\/2023\/12\/IMG_9744-300x246.jpg 300w, https:\/\/www.handball-ulm.de\/wp-content\/uploads\/2023\/12\/IMG_9744-768x630.jpg 768w, https:\/\/www.handball-ulm.de\/wp-content\/uploads\/2023\/12\/IMG_9744-1536x1260.jpg 1536w, https:\/\/www.handball-ulm.de\/wp-content\/uploads\/2023\/12\/IMG_9744-2048x1679.jpg 2048w, https:\/\/www.handball-ulm.de\/wp-content\/uploads\/2023\/12\/IMG_9744-1170x959.jpg 1170w\" sizes=\"(max-width: 1024px) 100vw, 1024px\" \/><\/figure><\/li><li class=\"blocks-gallery-item\"><figure><img loading=\"lazy\" decoding=\"async\" width=\"1024\" height=\"556\" src=\"https:\/\/www.handball-ulm.de\/wp-content\/uploads\/2023\/12\/IMG_9737-1024x556.jpg\" alt=\"\" data-id=\"15352\" data-full-url=\"https:\/\/www.handball-ulm.de\/wp-content\/uploads\/2023\/12\/IMG_9737-scaled.jpg\" data-link=\"https:\/\/www.handball-ulm.de\/?attachment_id=15352\" class=\"wp-image-15352\" srcset=\"https:\/\/www.handball-ulm.de\/wp-content\/uploads\/2023\/12\/IMG_9737-1024x556.jpg 1024w, https:\/\/www.handball-ulm.de\/wp-content\/uploads\/2023\/12\/IMG_9737-300x163.jpg 300w, https:\/\/www.handball-ulm.de\/wp-content\/uploads\/2023\/12\/IMG_9737-768x417.jpg 768w, https:\/\/www.handball-ulm.de\/wp-content\/uploads\/2023\/12\/IMG_9737-1536x834.jpg 1536w, https:\/\/www.handball-ulm.de\/wp-content\/uploads\/2023\/12\/IMG_9737-2048x1112.jpg 2048w, https:\/\/www.handball-ulm.de\/wp-content\/uploads\/2023\/12\/IMG_9737-1170x635.jpg 1170w\" sizes=\"(max-width: 1024px) 100vw, 1024px\" \/><\/figure><\/li><\/ul><\/figure>\n\n\n\n<p>Sie erkl\u00e4rt anschaulich, Bewegungslandschaften, Sicherheitsaspekte, diverse Spiele. Der geliebte DORFKRUG darf nicht fehlen. Die Jungtrainer, ihre weiblich B-Spielerinnen sind willig und machen alle \u00dcbungen mit Bravour vor. Immer wieder weist Corinna auf Varianten hin. Susie ist die Sicherheitspolizei. Es gibt Eisberge, Holzf\u00e4ller uvm.. Wenn man nun denkt, das w\u00e4re nur etwas f\u00fcr die Kleinsten, hat man sich sehr geirrt. Die anwesenden Aktiventrainer freuen sich schon, im n\u00e4chsten Training an der Koordinationsleiter Hase und J\u00e4ger zu begr\u00fc\u00dfen.<\/p>\n\n\n\n<p>Rundum zufrieden und voller Wissen wird gemeinsam aufger\u00e4umt, denn die erste Mannschaft am Tag, die weibliche D-Jugend m\u00f6chte mit dem Aufw\u00e4rmen beginnen.<\/p>\n\n\n\n<p>Eine tolle, informative Fortbildung der SG. Vielen lieben Dank an Corinna und an alle Trainer, die dabeisein konnten.<\/p>\n\n\n\n<figure class=\"wp-block-image size-large\"><img loading=\"lazy\" decoding=\"async\" width=\"1024\" height=\"595\" src=\"https:\/\/www.handball-ulm.de\/wp-content\/uploads\/2023\/12\/20231126_113945-1024x595.jpg\" alt=\"\" class=\"wp-image-15350\" srcset=\"https:\/\/www.handball-ulm.de\/wp-content\/uploads\/2023\/12\/20231126_113945-1024x595.jpg 1024w, https:\/\/www.handball-ulm.de\/wp-content\/uploads\/2023\/12\/20231126_113945-300x174.jpg 300w, https:\/\/www.handball-ulm.de\/wp-content\/uploads\/2023\/12\/20231126_113945-768x447.jpg 768w, https:\/\/www.handball-ulm.de\/wp-content\/uploads\/2023\/12\/20231126_113945-1536x893.jpg 1536w, https:\/\/www.handball-ulm.de\/wp-content\/uploads\/2023\/12\/20231126_113945-2048x1191.jpg 2048w, https:\/\/www.handball-ulm.de\/wp-content\/uploads\/2023\/12\/20231126_113945-1170x680.jpg 1170w\" sizes=\"(max-width: 1024px) 100vw, 1024px\" \/><\/figure>\n\n\n\n<p class=\"has-medium-font-size\">Mehr Fotos sind <code><a rel=\"noreferrer noopener\" href=\"https:\/\/www.handball-ulm.de\/index.php\/nggallery\/alles\/interne-trainerfortbildung-26-11-2023?page_id=91\" target=\"_blank\">Hier<\/a><\/code><\/p>\n\n\n\n<p><\/p>\n","protected":false},"excerpt":{"rendered":"<p>DORFKRUG, MAPS, Hase und J\u00e4ger<\/p>\n<br\/><br\/><a class=\"read-more\" href=\"https:\/\/www.handball-ulm.de\/?p=15299\"> Mehr lesen...<\/a>","protected":false},"author":10,"featured_media":15301,"comment_status":"closed","ping_status":"closed","sticky":false,"template":"","format":"standard","meta":{"ngg_post_thumbnail":0,"footnotes":""},"categories":[85,63],"tags":[],"_links":{"self":[{"href":"https:\/\/www.handball-ulm.de\/index.php?rest_route=\/wp\/v2\/posts\/15299"}],"collection":[{"href":"https:\/\/www.handball-ulm.de\/index.php?rest_route=\/wp\/v2\/posts"}],"about":[{"href":"https:\/\/www.handball-ulm.de\/index.php?rest_route=\/wp\/v2\/types\/post"}],"author":[{"embeddable":true,"href":"https:\/\/www.handball-ulm.de\/index.php?rest_route=\/wp\/v2\/users\/10"}],"replies":[{"embeddable":true,"href":"https:\/\/www.handball-ulm.de\/index.php?rest_route=%2Fwp%2Fv2%2Fcomments&post=15299"}],"version-history":[{"count":4,"href":"https:\/\/www.handball-ulm.de\/index.php?rest_route=\/wp\/v2\/posts\/15299\/revisions"}],"predecessor-version":[{"id":15355,"href":"https:\/\/www.handball-ulm.de\/index.php?rest_route=\/wp\/v2\/posts\/15299\/revisions\/15355"}],"wp:featuredmedia":[{"embeddable":true,"href":"https:\/\/www.handball-ulm.de\/index.php?rest_route=\/wp\/v2\/media\/15301"}],"wp:attachment":[{"href":"https:\/\/www.handball-ulm.de\/index.php?rest_route=%2Fwp%2Fv2%2Fmedia&parent=15299"}],"wp:term":[{"taxonomy":"category","embeddable":true,"href":"https:\/\/www.handball-ulm.de\/index.php?rest_route=%2Fwp%2Fv2%2Fcategories&post=15299"},{"taxonomy":"post_tag","embeddable":true,"href":"https:\/\/www.handball-ulm.de\/index.php?rest_route=%2Fwp%2Fv2%2Ftags&post=15299"}],"curies":[{"name":"wp","href":"https:\/\/api.w.org\/{rel}","templated":true}]}}