{"id":15289,"date":"2023-11-25T21:09:00","date_gmt":"2023-11-25T20:09:00","guid":{"rendered":"https:\/\/www.handball-ulm.de\/?p=15289"},"modified":"2023-11-26T21:10:21","modified_gmt":"2023-11-26T20:10:21","slug":"positive-bilanz-bei-unserer-wc-jugend-3-spiele-5-punkte","status":"publish","type":"post","link":"https:\/\/www.handball-ulm.de\/?p=15289","title":{"rendered":"Positive Bilanz bei unserer wC-Jugend &#8211; 3 Spiele \u2013 5 Punkte"},"content":{"rendered":"\n<p>Nach einem deutlichen Sieg im Ausw\u00e4rtsspiel gegen den TSV 1848 Bad Saulgau, folgte auch im darauffolgenden Ausw\u00e4rtsspiel gegen den TSB 1847 Ravensburg ein verdienter Sieg.<\/p>\n\n\n\n<p><strong>Spiel am 11.11.23<\/strong><br><em>TSV 1848 Bad Saulgau &#8211; SG Ulm &amp; Wiblingen 18 : 38<\/em><\/p>\n\n\n\n<figure class=\"wp-block-image size-large\"><img loading=\"lazy\" decoding=\"async\" width=\"1024\" height=\"768\" src=\"https:\/\/www.handball-ulm.de\/wp-content\/uploads\/2023\/11\/2023-11-11-BadSaulgau.jpg\" alt=\"\" class=\"wp-image-15291\" srcset=\"https:\/\/www.handball-ulm.de\/wp-content\/uploads\/2023\/11\/2023-11-11-BadSaulgau.jpg 1024w, https:\/\/www.handball-ulm.de\/wp-content\/uploads\/2023\/11\/2023-11-11-BadSaulgau-300x225.jpg 300w, https:\/\/www.handball-ulm.de\/wp-content\/uploads\/2023\/11\/2023-11-11-BadSaulgau-768x576.jpg 768w\" sizes=\"(max-width: 1024px) 100vw, 1024px\" \/><figcaption>Es spielten mit:<br>Annika (12 Tore), Jule (10 Tore), Alba (6 Tore), Emilia (6 Tore), Valentina (2 Tore), Emma (1 Tor), Greta (1 Tor), Miriam; Chiara (im Tor); Nadine (im Tor)<\/figcaption><\/figure>\n\n\n\n<p><\/p>\n\n\n\n<p><strong>Spiel am 19.11.23<\/strong><br><em>TSB 1847 Ravensburg &#8211; SG Ulm &amp; Wiblingen 29 : 31<\/em><\/p>\n\n\n\n<figure class=\"wp-block-image size-large\"><img loading=\"lazy\" decoding=\"async\" width=\"1024\" height=\"768\" src=\"https:\/\/www.handball-ulm.de\/wp-content\/uploads\/2023\/11\/23-11-19-Ravensburg-1-1024x768.jpg\" alt=\"\" class=\"wp-image-15292\" srcset=\"https:\/\/www.handball-ulm.de\/wp-content\/uploads\/2023\/11\/23-11-19-Ravensburg-1-1024x768.jpg 1024w, https:\/\/www.handball-ulm.de\/wp-content\/uploads\/2023\/11\/23-11-19-Ravensburg-1-300x225.jpg 300w, https:\/\/www.handball-ulm.de\/wp-content\/uploads\/2023\/11\/23-11-19-Ravensburg-1-768x576.jpg 768w, https:\/\/www.handball-ulm.de\/wp-content\/uploads\/2023\/11\/23-11-19-Ravensburg-1-1536x1152.jpg 1536w, https:\/\/www.handball-ulm.de\/wp-content\/uploads\/2023\/11\/23-11-19-Ravensburg-1-2048x1536.jpg 2048w, https:\/\/www.handball-ulm.de\/wp-content\/uploads\/2023\/11\/23-11-19-Ravensburg-1-1170x878.jpg 1170w\" sizes=\"(max-width: 1024px) 100vw, 1024px\" \/><figcaption>Es spielten mit:<br>Annika (10 Tore), Alba (8 Tore), Valentina (4 Tore), Jule (3 Tore), Greta (2 Tore), Emilia (1 Tore), Emma (1 Tor), Ella (1 Tor), Romy (1 Tor); Chiara (im Tor)<\/figcaption><\/figure>\n\n\n\n<p><\/p>\n\n\n\n<p><strong>Spiel am 25.11.23<\/strong><br><em>SG Ulm &amp; Wiblingen \u2013 TV Weingarten Handball 32 : 32<\/em><\/p>\n\n\n\n<p>Im Heimspiel gegen den Tabellenzweiten TV Weingarten konnten unsere M\u00e4dels \u00fcber weite Strecken des Spiels \u00fcberzeugen und lagen bis kurz vor Spielende in der zweiten Halbzeit immer in F\u00fchrung. Das Remis war daher mehr als verdient!\u00a0 \u00a0\u00a0\u00a0<\/p>\n\n\n\n<figure class=\"wp-block-image size-large\"><img loading=\"lazy\" decoding=\"async\" width=\"1024\" height=\"768\" src=\"https:\/\/www.handball-ulm.de\/wp-content\/uploads\/2023\/11\/23-11-26-Weingarten-2-1024x768.jpg\" alt=\"\" class=\"wp-image-15290\" srcset=\"https:\/\/www.handball-ulm.de\/wp-content\/uploads\/2023\/11\/23-11-26-Weingarten-2-1024x768.jpg 1024w, https:\/\/www.handball-ulm.de\/wp-content\/uploads\/2023\/11\/23-11-26-Weingarten-2-300x225.jpg 300w, https:\/\/www.handball-ulm.de\/wp-content\/uploads\/2023\/11\/23-11-26-Weingarten-2-768x576.jpg 768w, https:\/\/www.handball-ulm.de\/wp-content\/uploads\/2023\/11\/23-11-26-Weingarten-2-1536x1152.jpg 1536w, https:\/\/www.handball-ulm.de\/wp-content\/uploads\/2023\/11\/23-11-26-Weingarten-2-2048x1536.jpg 2048w, https:\/\/www.handball-ulm.de\/wp-content\/uploads\/2023\/11\/23-11-26-Weingarten-2-1170x878.jpg 1170w\" sizes=\"(max-width: 1024px) 100vw, 1024px\" \/><figcaption>Es spielten mit:<br>Annika (12 Tore), Jule (7 Tore), Alba (6 Tore), Julia (2 Tore), Emilia (2 Tore), Valentina (1 Tor), Emma (1 Tor), Miriam (1 Tor), Ella, Greta, Romy; Chiara (im Tor)<\/figcaption><\/figure>\n","protected":false},"excerpt":{"rendered":"<p>Spielberichte der weiblichen C-Jugend<\/p>\n<br\/><br\/><a class=\"read-more\" href=\"https:\/\/www.handball-ulm.de\/?p=15289\"> Mehr lesen...<\/a>","protected":false},"author":16,"featured_media":15291,"comment_status":"closed","ping_status":"closed","sticky":false,"template":"","format":"standard","meta":{"ngg_post_thumbnail":0,"footnotes":""},"categories":[1,85,63,20],"tags":[],"_links":{"self":[{"href":"https:\/\/www.handball-ulm.de\/index.php?rest_route=\/wp\/v2\/posts\/15289"}],"collection":[{"href":"https:\/\/www.handball-ulm.de\/index.php?rest_route=\/wp\/v2\/posts"}],"about":[{"href":"https:\/\/www.handball-ulm.de\/index.php?rest_route=\/wp\/v2\/types\/post"}],"author":[{"embeddable":true,"href":"https:\/\/www.handball-ulm.de\/index.php?rest_route=\/wp\/v2\/users\/16"}],"replies":[{"embeddable":true,"href":"https:\/\/www.handball-ulm.de\/index.php?rest_route=%2Fwp%2Fv2%2Fcomments&post=15289"}],"version-history":[{"count":4,"href":"https:\/\/www.handball-ulm.de\/index.php?rest_route=\/wp\/v2\/posts\/15289\/revisions"}],"predecessor-version":[{"id":15296,"href":"https:\/\/www.handball-ulm.de\/index.php?rest_route=\/wp\/v2\/posts\/15289\/revisions\/15296"}],"wp:featuredmedia":[{"embeddable":true,"href":"https:\/\/www.handball-ulm.de\/index.php?rest_route=\/wp\/v2\/media\/15291"}],"wp:attachment":[{"href":"https:\/\/www.handball-ulm.de\/index.php?rest_route=%2Fwp%2Fv2%2Fmedia&parent=15289"}],"wp:term":[{"taxonomy":"category","embeddable":true,"href":"https:\/\/www.handball-ulm.de\/index.php?rest_route=%2Fwp%2Fv2%2Fcategories&post=15289"},{"taxonomy":"post_tag","embeddable":true,"href":"https:\/\/www.handball-ulm.de\/index.php?rest_route=%2Fwp%2Fv2%2Ftags&post=15289"}],"curies":[{"name":"wp","href":"https:\/\/api.w.org\/{rel}","templated":true}]}}