{"id":15211,"date":"2023-11-19T20:31:00","date_gmt":"2023-11-19T19:31:00","guid":{"rendered":"https:\/\/www.handball-ulm.de\/?p=15211"},"modified":"2023-11-20T19:34:52","modified_gmt":"2023-11-20T18:34:52","slug":"zweiter-saisonsieg-der-frauen-2","status":"publish","type":"post","link":"https:\/\/www.handball-ulm.de\/?p=15211","title":{"rendered":"Zweiter Saisonsieg der Frauen 2"},"content":{"rendered":"\n<figure class=\"wp-block-image size-large\"><img loading=\"lazy\" decoding=\"async\" width=\"1024\" height=\"612\" src=\"https:\/\/www.handball-ulm.de\/wp-content\/uploads\/2023\/11\/Fr2-1024x612.jpg\" alt=\"\" class=\"wp-image-15212\" srcset=\"https:\/\/www.handball-ulm.de\/wp-content\/uploads\/2023\/11\/Fr2-1024x612.jpg 1024w, https:\/\/www.handball-ulm.de\/wp-content\/uploads\/2023\/11\/Fr2-300x179.jpg 300w, https:\/\/www.handball-ulm.de\/wp-content\/uploads\/2023\/11\/Fr2-768x459.jpg 768w, https:\/\/www.handball-ulm.de\/wp-content\/uploads\/2023\/11\/Fr2-1170x699.jpg 1170w, https:\/\/www.handball-ulm.de\/wp-content\/uploads\/2023\/11\/Fr2.jpg 1500w\" sizes=\"(max-width: 1024px) 100vw, 1024px\" \/><\/figure>\n\n\n\n<p>Mit dezimierter Mannschaft aufgrund von Krankheit und Verletzung und somit mit nur zwei Auswechselspielerinnen fuhren wir Sonntag zum Ausw\u00e4rtsspiel gegen die TSF Ludwigsfeld 2. Gute Besserung an dieser Stelle vor allem an unsere Ronja, die uns leider auch noch in den n\u00e4chsten Wochen verletzungsbedingt fehlen wird.<br>Wir starteten sichtlich nerv\u00f6s ins Spiel und waren in den ersten Minuten noch nicht aggressiv genug in der Abwehr. Immerhin konnten wir im Angriff durch gutes Durchsto\u00dfen und Zusammenspielen sch\u00f6ne Tore erzielen, wodurch wir bis zur 10. Spielminute nur knapp zur\u00fccklagen. Anschlie\u00dfend konnten wir unsere Abwehr stabilisieren und lie\u00dfen in der restlichen Halbzeit nur noch drei Gegentore zu. Im Angriff blieben wir konsequent und konnten vor allem unsere Au\u00dfenspielerinnen immer wieder freispielen. Somit gingen wir mit einer verdienten 2-Tore-F\u00fchrung in die Pause \u2013 diese h\u00e4tte aber auch noch deutlicher ausfallen k\u00f6nnen.<br>In der zweiten Halbzeit machten wir da weiter, wo wir aufgeh\u00f6rt hatten, und lie\u00dfen vor allem in der Abwehr nicht viel zu. Unsere Gegnerinnern konnten in der zweiten Halbzeit nur acht Tore erzielen. Dadurch und durch sehr gutes Zusammenspielen im Angriff konnten wir unsere F\u00fchrung konstant ausbauen. Dank einer geschlossenen Teamleistung war die F\u00fchrung in der zweiten Halbzeit zu keinem Zeitpunkt mehr gef\u00e4hrdet und wir gewannen 17:25.<br>Danke an die mitgereisten Fans f\u00fcr die&nbsp;Unterst\u00fctzung!<\/p>\n","protected":false},"excerpt":{"rendered":"<p>Sch\u00f6ne Tore <\/p>\n<br\/><br\/><a class=\"read-more\" href=\"https:\/\/www.handball-ulm.de\/?p=15211\"> Mehr lesen...<\/a>","protected":false},"author":10,"featured_media":15213,"comment_status":"closed","ping_status":"closed","sticky":false,"template":"","format":"standard","meta":{"ngg_post_thumbnail":0,"footnotes":""},"categories":[85,14,63],"tags":[],"_links":{"self":[{"href":"https:\/\/www.handball-ulm.de\/index.php?rest_route=\/wp\/v2\/posts\/15211"}],"collection":[{"href":"https:\/\/www.handball-ulm.de\/index.php?rest_route=\/wp\/v2\/posts"}],"about":[{"href":"https:\/\/www.handball-ulm.de\/index.php?rest_route=\/wp\/v2\/types\/post"}],"author":[{"embeddable":true,"href":"https:\/\/www.handball-ulm.de\/index.php?rest_route=\/wp\/v2\/users\/10"}],"replies":[{"embeddable":true,"href":"https:\/\/www.handball-ulm.de\/index.php?rest_route=%2Fwp%2Fv2%2Fcomments&post=15211"}],"version-history":[{"count":1,"href":"https:\/\/www.handball-ulm.de\/index.php?rest_route=\/wp\/v2\/posts\/15211\/revisions"}],"predecessor-version":[{"id":15214,"href":"https:\/\/www.handball-ulm.de\/index.php?rest_route=\/wp\/v2\/posts\/15211\/revisions\/15214"}],"wp:featuredmedia":[{"embeddable":true,"href":"https:\/\/www.handball-ulm.de\/index.php?rest_route=\/wp\/v2\/media\/15213"}],"wp:attachment":[{"href":"https:\/\/www.handball-ulm.de\/index.php?rest_route=%2Fwp%2Fv2%2Fmedia&parent=15211"}],"wp:term":[{"taxonomy":"category","embeddable":true,"href":"https:\/\/www.handball-ulm.de\/index.php?rest_route=%2Fwp%2Fv2%2Fcategories&post=15211"},{"taxonomy":"post_tag","embeddable":true,"href":"https:\/\/www.handball-ulm.de\/index.php?rest_route=%2Fwp%2Fv2%2Ftags&post=15211"}],"curies":[{"name":"wp","href":"https:\/\/api.w.org\/{rel}","templated":true}]}}