{"id":15206,"date":"2023-11-11T16:37:00","date_gmt":"2023-11-11T15:37:00","guid":{"rendered":"https:\/\/www.handball-ulm.de\/?p=15206"},"modified":"2024-01-01T19:57:49","modified_gmt":"2024-01-01T18:57:49","slug":"weibliche-jugend-b1-heimsieg-gegen-die-tsv-koengen","status":"publish","type":"post","link":"https:\/\/www.handball-ulm.de\/?p=15206","title":{"rendered":"Weibliche Jugend B1 Heimsieg gegen die TSV Koengen"},"content":{"rendered":"\n<figure class=\"wp-block-image size-large\"><img loading=\"lazy\" decoding=\"async\" width=\"1024\" height=\"683\" src=\"https:\/\/www.handball-ulm.de\/wp-content\/uploads\/2023\/11\/WhatsApp-Image-2023-11-11-at-22.53.26-1024x683.jpeg\" alt=\"\" class=\"wp-image-15207\" srcset=\"https:\/\/www.handball-ulm.de\/wp-content\/uploads\/2023\/11\/WhatsApp-Image-2023-11-11-at-22.53.26-1024x683.jpeg 1024w, https:\/\/www.handball-ulm.de\/wp-content\/uploads\/2023\/11\/WhatsApp-Image-2023-11-11-at-22.53.26-300x200.jpeg 300w, https:\/\/www.handball-ulm.de\/wp-content\/uploads\/2023\/11\/WhatsApp-Image-2023-11-11-at-22.53.26-768x512.jpeg 768w, https:\/\/www.handball-ulm.de\/wp-content\/uploads\/2023\/11\/WhatsApp-Image-2023-11-11-at-22.53.26-600x400.jpeg 600w, https:\/\/www.handball-ulm.de\/wp-content\/uploads\/2023\/11\/WhatsApp-Image-2023-11-11-at-22.53.26-1536x1024.jpeg 1536w, https:\/\/www.handball-ulm.de\/wp-content\/uploads\/2023\/11\/WhatsApp-Image-2023-11-11-at-22.53.26-1170x780.jpeg 1170w, https:\/\/www.handball-ulm.de\/wp-content\/uploads\/2023\/11\/WhatsApp-Image-2023-11-11-at-22.53.26.jpeg 1600w\" sizes=\"(max-width: 1024px) 100vw, 1024px\" \/><\/figure>\n\n\n\n<p>Am Samstag begr\u00fc\u00dften unsere M\u00e4dels der B1 die G\u00e4ste der TSV Koengen in der Tannenplatzhalle.<\/p>\n\n\n\n<p>In der Vergangenheit war das Aufeinandertreffen der Mannschaften immer auf Augenh\u00f6he und man wusste, dass man konzentriert in die Partie gehen musste. &nbsp;An dieser Stelle geht ein herzliches Dankesch\u00f6n an unsere Franzi aus der B2, die uns dieses Wochenende am Kreis unterst\u00fctzte.<\/p>\n\n\n\n<p>Unsere M\u00e4dels legten los wie die Feuerwehr und bereits in der 6 Spielminute versuchte der G\u00e4stetrainer &#8211; beim Stand vom 6:1 &#8211; durch ein Team-Time-Out den Lauf der Ulmerinnen zu stoppen. Aber mit hohem Tempo und sch\u00f6nen Aktionen konnte man sich bereits nach 15 Minuten einen 9-Tore-Vorsprung erarbeiten und beim Stand von 19:11 schickte das souver\u00e4n leitende Gespann aus Blaustein die Mannschaften in die Halbzeitpause. Nach Wiederanpfiff zeigt sich das gleiche Spiel und zu keiner Zeit konnten die G\u00e4ste dem Spiel ihren Stempel aufdr\u00fccken. Das Trainergespann nutze den Spielverlauf zum \u00dcben der 3:2:1 und nahm bewusst das ein oder andere Gegentor von den Au\u00dfenpositionen in Kauf. Am Ende leuchtete ein ungef\u00e4hrdeter 37:26 Sieg von der Anzeigetafel. Doch die Freude wurde durch die Verletzung von unser Lotte getr\u00fcbt, der wir an dieser Stelle eine gute Besserung w\u00fcnschen \u201cKopf hoch, liebe Lotte\u201c<\/p>\n\n\n\n<p>Vielen Dank f\u00fcr die tollte Unterst\u00fctzung von den R\u00e4ngen und ein Dankesch\u00f6n an das Schiedsrichtergespann O\u00dfwald\/O\u00dfwald f\u00fcr ihren Einsatz<\/p>\n\n\n\n<p>F\u00fcr die SG im Einsatz: Saskia Fromm, Julia Engelhart (1) Luisa Frank (2), Isabell Mc Ilhone , Penelope Pagliari (7), Liselotte Rehm (3), Sanne Reitz (12), Patricia Winter (3), Aurea Konjuvca (6) , Carlotta Weber (2) und Franziska Rosmer (1)<\/p>\n","protected":false},"excerpt":{"rendered":"<p>Sieg nie in Gefahr<\/p>\n<br\/><br\/><a class=\"read-more\" href=\"https:\/\/www.handball-ulm.de\/?p=15206\"> Mehr lesen...<\/a>","protected":false},"author":10,"featured_media":15207,"comment_status":"closed","ping_status":"closed","sticky":false,"template":"","format":"standard","meta":{"ngg_post_thumbnail":0,"footnotes":""},"categories":[85,63,18],"tags":[],"_links":{"self":[{"href":"https:\/\/www.handball-ulm.de\/index.php?rest_route=\/wp\/v2\/posts\/15206"}],"collection":[{"href":"https:\/\/www.handball-ulm.de\/index.php?rest_route=\/wp\/v2\/posts"}],"about":[{"href":"https:\/\/www.handball-ulm.de\/index.php?rest_route=\/wp\/v2\/types\/post"}],"author":[{"embeddable":true,"href":"https:\/\/www.handball-ulm.de\/index.php?rest_route=\/wp\/v2\/users\/10"}],"replies":[{"embeddable":true,"href":"https:\/\/www.handball-ulm.de\/index.php?rest_route=%2Fwp%2Fv2%2Fcomments&post=15206"}],"version-history":[{"count":1,"href":"https:\/\/www.handball-ulm.de\/index.php?rest_route=\/wp\/v2\/posts\/15206\/revisions"}],"predecessor-version":[{"id":15208,"href":"https:\/\/www.handball-ulm.de\/index.php?rest_route=\/wp\/v2\/posts\/15206\/revisions\/15208"}],"wp:featuredmedia":[{"embeddable":true,"href":"https:\/\/www.handball-ulm.de\/index.php?rest_route=\/wp\/v2\/media\/15207"}],"wp:attachment":[{"href":"https:\/\/www.handball-ulm.de\/index.php?rest_route=%2Fwp%2Fv2%2Fmedia&parent=15206"}],"wp:term":[{"taxonomy":"category","embeddable":true,"href":"https:\/\/www.handball-ulm.de\/index.php?rest_route=%2Fwp%2Fv2%2Fcategories&post=15206"},{"taxonomy":"post_tag","embeddable":true,"href":"https:\/\/www.handball-ulm.de\/index.php?rest_route=%2Fwp%2Fv2%2Ftags&post=15206"}],"curies":[{"name":"wp","href":"https:\/\/api.w.org\/{rel}","templated":true}]}}