{"id":15030,"date":"2023-10-21T22:49:00","date_gmt":"2023-10-21T20:49:00","guid":{"rendered":"https:\/\/www.handball-ulm.de\/?p=15030"},"modified":"2023-10-28T15:16:19","modified_gmt":"2023-10-28T13:16:19","slug":"spielbericht-herren-1-gegen-hsg-langenau-elchingen","status":"publish","type":"post","link":"https:\/\/www.handball-ulm.de\/?p=15030","title":{"rendered":"Spielbericht Herren 1 gegen HSG Langenau\/Elchingen"},"content":{"rendered":"\n<figure class=\"wp-block-image size-large\"><img loading=\"lazy\" decoding=\"async\" width=\"1024\" height=\"987\" src=\"https:\/\/www.handball-ulm.de\/wp-content\/uploads\/2023\/10\/20231021_201847-1024x987.jpg\" alt=\"\" class=\"wp-image-15035\" srcset=\"https:\/\/www.handball-ulm.de\/wp-content\/uploads\/2023\/10\/20231021_201847-1024x987.jpg 1024w, https:\/\/www.handball-ulm.de\/wp-content\/uploads\/2023\/10\/20231021_201847-300x289.jpg 300w, https:\/\/www.handball-ulm.de\/wp-content\/uploads\/2023\/10\/20231021_201847-768x741.jpg 768w, https:\/\/www.handball-ulm.de\/wp-content\/uploads\/2023\/10\/20231021_201847-1536x1481.jpg 1536w, https:\/\/www.handball-ulm.de\/wp-content\/uploads\/2023\/10\/20231021_201847-2048x1975.jpg 2048w, https:\/\/www.handball-ulm.de\/wp-content\/uploads\/2023\/10\/20231021_201847-1170x1128.jpg 1170w\" sizes=\"(max-width: 1024px) 100vw, 1024px\" \/><\/figure>\n\n\n\n<p>Am vergangenen Samstag, den 21. Oktober 2023, versammelten sich in der Tannenplatzhalle die Herren 1 der SG Ulm &amp; Wiblingen, um gegen die HSG Langenau\/Elchingen anzutreten.<\/p>\n\n\n\n<p>Die erste Halbzeit zeigte eine beeindruckende Leistung der Ulmer mit einer starken Abwehr und einem flie\u00dfenden Angriff, was zu einem Halbzeitstand von 20:13 f\u00fchrte.<\/p>\n\n\n\n<p>Trotz eines kurzen R\u00fcckfalls in der 35. Minute behielt die Mannschaft ihre St\u00e4rke in der Verteidigung und mobilisierte einen kraftvollen Angriff, der letztendlich zu einem Endstand von 39:30 zugunsten der SG Ulm &amp; Wiblingen f\u00fchrte.<\/p>\n\n\n\n<p>Jonathan Cremer, Trikotnummer 59, erwies sich erneut als Torsch\u00fctzenk\u00f6nig des Spiels mit 14 beeindruckenden Toren.<\/p>\n\n\n\n<p>Ein herzlicher Dank geht an die enthusiastischen Fans, die mit ihrer Unterst\u00fctzung die Mannschaft motivierten, sowie an die Schiedsrichter f\u00fcr ihre faire Spielleitung.<\/p>\n\n\n\n<p>Die SG Ulm &amp; Wiblingen Herren 1 zeigte erneut ihre St\u00e4rke und Teamzusammengeh\u00f6rigkeit, was zu diesem wohlverdienten Sieg mit einem Endstand von 39:30 f\u00fchrte.<\/p>\n\n\n\n<p>Vielen Dank an die Fans und Schiedsrichter f\u00fcr ihre gro\u00dfartige Unterst\u00fctzung!<\/p>\n\n\n\n<figure class=\"wp-block-image size-large\"><img loading=\"lazy\" decoding=\"async\" width=\"1024\" height=\"958\" src=\"https:\/\/www.handball-ulm.de\/wp-content\/uploads\/2023\/10\/20231021_213045-1024x958.jpg\" alt=\"\" class=\"wp-image-15036\" srcset=\"https:\/\/www.handball-ulm.de\/wp-content\/uploads\/2023\/10\/20231021_213045-1024x958.jpg 1024w, https:\/\/www.handball-ulm.de\/wp-content\/uploads\/2023\/10\/20231021_213045-300x281.jpg 300w, https:\/\/www.handball-ulm.de\/wp-content\/uploads\/2023\/10\/20231021_213045-768x719.jpg 768w, https:\/\/www.handball-ulm.de\/wp-content\/uploads\/2023\/10\/20231021_213045-1536x1437.jpg 1536w, https:\/\/www.handball-ulm.de\/wp-content\/uploads\/2023\/10\/20231021_213045-2048x1916.jpg 2048w, https:\/\/www.handball-ulm.de\/wp-content\/uploads\/2023\/10\/20231021_213045-1170x1095.jpg 1170w\" sizes=\"(max-width: 1024px) 100vw, 1024px\" \/><\/figure>\n\n\n\n<figure class=\"wp-block-video\"><video controls src=\"https:\/\/www.handball-ulm.de\/wp-content\/uploads\/2023\/10\/20231021_m\u00e41-1.mp4\"><\/video><\/figure>\n","protected":false},"excerpt":{"rendered":"<p>St\u00e4rke und Teamzusammengeh\u00f6rigkeit<\/p>\n<br\/><br\/><a class=\"read-more\" href=\"https:\/\/www.handball-ulm.de\/?p=15030\"> Mehr lesen...<\/a>","protected":false},"author":10,"featured_media":15035,"comment_status":"closed","ping_status":"closed","sticky":false,"template":"","format":"standard","meta":{"ngg_post_thumbnail":0,"footnotes":""},"categories":[85,11,63],"tags":[],"_links":{"self":[{"href":"https:\/\/www.handball-ulm.de\/index.php?rest_route=\/wp\/v2\/posts\/15030"}],"collection":[{"href":"https:\/\/www.handball-ulm.de\/index.php?rest_route=\/wp\/v2\/posts"}],"about":[{"href":"https:\/\/www.handball-ulm.de\/index.php?rest_route=\/wp\/v2\/types\/post"}],"author":[{"embeddable":true,"href":"https:\/\/www.handball-ulm.de\/index.php?rest_route=\/wp\/v2\/users\/10"}],"replies":[{"embeddable":true,"href":"https:\/\/www.handball-ulm.de\/index.php?rest_route=%2Fwp%2Fv2%2Fcomments&post=15030"}],"version-history":[{"count":4,"href":"https:\/\/www.handball-ulm.de\/index.php?rest_route=\/wp\/v2\/posts\/15030\/revisions"}],"predecessor-version":[{"id":15044,"href":"https:\/\/www.handball-ulm.de\/index.php?rest_route=\/wp\/v2\/posts\/15030\/revisions\/15044"}],"wp:featuredmedia":[{"embeddable":true,"href":"https:\/\/www.handball-ulm.de\/index.php?rest_route=\/wp\/v2\/media\/15035"}],"wp:attachment":[{"href":"https:\/\/www.handball-ulm.de\/index.php?rest_route=%2Fwp%2Fv2%2Fmedia&parent=15030"}],"wp:term":[{"taxonomy":"category","embeddable":true,"href":"https:\/\/www.handball-ulm.de\/index.php?rest_route=%2Fwp%2Fv2%2Fcategories&post=15030"},{"taxonomy":"post_tag","embeddable":true,"href":"https:\/\/www.handball-ulm.de\/index.php?rest_route=%2Fwp%2Fv2%2Ftags&post=15030"}],"curies":[{"name":"wp","href":"https:\/\/api.w.org\/{rel}","templated":true}]}}