{"id":15018,"date":"2023-10-22T13:42:00","date_gmt":"2023-10-22T11:42:00","guid":{"rendered":"https:\/\/www.handball-ulm.de\/?p=15018"},"modified":"2023-10-26T11:47:56","modified_gmt":"2023-10-26T09:47:56","slug":"minis-sg-ulmwiblingen-4-in-biberach","status":"publish","type":"post","link":"https:\/\/www.handball-ulm.de\/?p=15018","title":{"rendered":"Minis SG Ulm&#038;Wiblingen 4 in Biberach"},"content":{"rendered":"\n<p>Am Sonntag ging es f\u00fcr die Minis in die Mali-Sporthalle nach Biberach zum zweiten Spieltag der Saison 2023\/2024. Hier trafen unsere Minis (SG Ulm&amp;Wiblingen 4) wieder auf den TSV Blaustein 2, die TG Biberach, die HSG Langenau\/Elchingen 2, den HV RW Laupheim und die Minis aus der Oststadt (SG Ulm&amp;Wiblingen 2).&nbsp;<\/p>\n\n\n\n<p>Dieses Mal hatten leider nur 7 Minis Zeit, aber f\u00fcr manche Spiele wurden uns von den anderen Mannschaften netterweise Spielerinnen und Spieler ausgeliehen, die sich f\u00fcr uns m\u00e4chtig ins Zeug legten.&nbsp;<\/p>\n\n\n\n<p>Gestartet wurde mit Feuer-Wasser-Sturm als Aufw\u00e4rmspiel f\u00fcr alle Mannschaften, anschlie\u00dfend zeigten die Mannschaften auf dem Parcours, beim Sautreiben und Turmball\/K\u00f6nigsball ihr K\u00f6nnen.&nbsp;<\/p>\n\n\n\n<p>F\u00fcr unsere Minis ging es mit dem Parcours los, auf dem die Spielerinnen und Spieler mit Rollbrett und Zielwerfen sichtlich viel Spa\u00df hatten.&nbsp;<\/p>\n\n\n\n<p>Anschlie\u00dfend ging es zum ersten Turmball\/K\u00f6nigsball-Spiel, bei dem es f\u00fcr unsere Minis nicht so gut lief. Der Gegner zeigte ein besseres Spielverst\u00e4ndnis.&nbsp;<\/p>\n\n\n\n<p>Bei Sautreiben wurden zwei gro\u00dfe Gymnastikb\u00e4lle in der Spielfeldmitte platziert, welche die Spielerinnen und Spieler mit Handb\u00e4llen abwerfen und an die gegnerische Hallenwand \u201etreiben\u201c sollten. Hier waren die Spielerinnen und Spieler mit Feuereifer dabei. Vereinzelte Minis sammelten flei\u00dfig mehrere B\u00e4lle auf einmal und waren dabei so fair, nicht nur den eigenen Mitspielern B\u00e4lle abzugeben, sondern auch die gegnerischen Spielerinnen und Spieler mit B\u00e4llen zu versorgen.&nbsp;<\/p>\n\n\n\n<p>Direkt im Anschluss fand dann das n\u00e4chste Turmball\/K\u00f6nigsball-Spiel f\u00fcr unsere Minis statt und hier konnte man eine deutliche Verbesserung im Spielgesehen beobachten. P\u00e4sse wurden viel besser geworfen, der Ball verteidigt und der Gegner gest\u00f6rt und so wurden unsere Minis in diesem Spiel auch mit Punkten belohnt.&nbsp;<\/p>\n\n\n\n<p>Zum Abschluss gab es einen Staffellauf f\u00fcr alle Mannschaften, bei denen die Spielerinnen und Spieler einen Handball im H\u00fctchen transportieren mussten. Hier mobilisierten die Spielerinnen und Spieler noch einmal alle ihre Reserven und flitzen wie die Blitze durch die Halle.&nbsp;<\/p>\n\n\n\n<p>Es war ein sch\u00f6ner Spieltag, auf dem die Spielerinnen und Spieler mit einer gro\u00dfartigen Medaille, viel Applaus und Gummib\u00e4rchen geb\u00fchrend gefeiert und verabschiedet wurden. Wir freuen uns schon auf die n\u00e4chsten Spieltage.&nbsp;<\/p>\n\n\n\n<figure class=\"wp-block-image size-large\"><img loading=\"lazy\" decoding=\"async\" width=\"631\" height=\"475\" src=\"https:\/\/www.handball-ulm.de\/wp-content\/uploads\/2023\/10\/image-1.png\" alt=\"Aufw\u00e4rmen.jpeg\" class=\"wp-image-15020\" srcset=\"https:\/\/www.handball-ulm.de\/wp-content\/uploads\/2023\/10\/image-1.png 631w, https:\/\/www.handball-ulm.de\/wp-content\/uploads\/2023\/10\/image-1-300x226.png 300w\" sizes=\"(max-width: 631px) 100vw, 631px\" \/><\/figure>\n\n\n\n<figure class=\"wp-block-image size-large\"><img loading=\"lazy\" decoding=\"async\" width=\"631\" height=\"475\" src=\"https:\/\/www.handball-ulm.de\/wp-content\/uploads\/2023\/10\/image-4.png\" alt=\"Siegerehrung.jpeg\" class=\"wp-image-15023\" srcset=\"https:\/\/www.handball-ulm.de\/wp-content\/uploads\/2023\/10\/image-4.png 631w, https:\/\/www.handball-ulm.de\/wp-content\/uploads\/2023\/10\/image-4-300x226.png 300w\" sizes=\"(max-width: 631px) 100vw, 631px\" \/><\/figure>\n\n\n\n<figure class=\"wp-block-image size-large\"><img loading=\"lazy\" decoding=\"async\" width=\"631\" height=\"475\" src=\"https:\/\/www.handball-ulm.de\/wp-content\/uploads\/2023\/10\/image-3.png\" alt=\"Staffellauf.jpeg\" class=\"wp-image-15022\" srcset=\"https:\/\/www.handball-ulm.de\/wp-content\/uploads\/2023\/10\/image-3.png 631w, https:\/\/www.handball-ulm.de\/wp-content\/uploads\/2023\/10\/image-3-300x226.png 300w\" sizes=\"(max-width: 631px) 100vw, 631px\" \/><\/figure>\n\n\n\n<figure class=\"wp-block-image size-large\"><img loading=\"lazy\" decoding=\"async\" width=\"631\" height=\"838\" src=\"https:\/\/www.handball-ulm.de\/wp-content\/uploads\/2023\/10\/image-2.png\" alt=\"Sautreiben_3.jpeg\" class=\"wp-image-15021\" srcset=\"https:\/\/www.handball-ulm.de\/wp-content\/uploads\/2023\/10\/image-2.png 631w, https:\/\/www.handball-ulm.de\/wp-content\/uploads\/2023\/10\/image-2-226x300.png 226w\" sizes=\"(max-width: 631px) 100vw, 631px\" \/><\/figure>\n\n\n\n<figure class=\"wp-block-image size-large\"><img loading=\"lazy\" decoding=\"async\" width=\"631\" height=\"475\" src=\"https:\/\/www.handball-ulm.de\/wp-content\/uploads\/2023\/10\/image.png\" alt=\"Turmball.jpeg\" class=\"wp-image-15019\" srcset=\"https:\/\/www.handball-ulm.de\/wp-content\/uploads\/2023\/10\/image.png 631w, https:\/\/www.handball-ulm.de\/wp-content\/uploads\/2023\/10\/image-300x226.png 300w\" sizes=\"(max-width: 631px) 100vw, 631px\" \/><\/figure>\n","protected":false},"excerpt":{"rendered":"<p>Flitzen wie die Blitze<\/p>\n<br\/><br\/><a class=\"read-more\" href=\"https:\/\/www.handball-ulm.de\/?p=15018\"> Mehr lesen...<\/a>","protected":false},"author":10,"featured_media":15022,"comment_status":"closed","ping_status":"closed","sticky":false,"template":"","format":"standard","meta":{"ngg_post_thumbnail":0,"footnotes":""},"categories":[85,74,29,63],"tags":[],"_links":{"self":[{"href":"https:\/\/www.handball-ulm.de\/index.php?rest_route=\/wp\/v2\/posts\/15018"}],"collection":[{"href":"https:\/\/www.handball-ulm.de\/index.php?rest_route=\/wp\/v2\/posts"}],"about":[{"href":"https:\/\/www.handball-ulm.de\/index.php?rest_route=\/wp\/v2\/types\/post"}],"author":[{"embeddable":true,"href":"https:\/\/www.handball-ulm.de\/index.php?rest_route=\/wp\/v2\/users\/10"}],"replies":[{"embeddable":true,"href":"https:\/\/www.handball-ulm.de\/index.php?rest_route=%2Fwp%2Fv2%2Fcomments&post=15018"}],"version-history":[{"count":1,"href":"https:\/\/www.handball-ulm.de\/index.php?rest_route=\/wp\/v2\/posts\/15018\/revisions"}],"predecessor-version":[{"id":15024,"href":"https:\/\/www.handball-ulm.de\/index.php?rest_route=\/wp\/v2\/posts\/15018\/revisions\/15024"}],"wp:featuredmedia":[{"embeddable":true,"href":"https:\/\/www.handball-ulm.de\/index.php?rest_route=\/wp\/v2\/media\/15022"}],"wp:attachment":[{"href":"https:\/\/www.handball-ulm.de\/index.php?rest_route=%2Fwp%2Fv2%2Fmedia&parent=15018"}],"wp:term":[{"taxonomy":"category","embeddable":true,"href":"https:\/\/www.handball-ulm.de\/index.php?rest_route=%2Fwp%2Fv2%2Fcategories&post=15018"},{"taxonomy":"post_tag","embeddable":true,"href":"https:\/\/www.handball-ulm.de\/index.php?rest_route=%2Fwp%2Fv2%2Ftags&post=15018"}],"curies":[{"name":"wp","href":"https:\/\/api.w.org\/{rel}","templated":true}]}}