{"id":14980,"date":"2023-10-13T22:07:00","date_gmt":"2023-10-13T20:07:00","guid":{"rendered":"https:\/\/www.handball-ulm.de\/?p=14980"},"modified":"2023-10-20T21:11:01","modified_gmt":"2023-10-20T19:11:01","slug":"maenner-1-bericht-gegen-hc-lustenau","status":"publish","type":"post","link":"https:\/\/www.handball-ulm.de\/?p=14980","title":{"rendered":"M\u00e4nner 1 Bericht gegen HC Lustenau"},"content":{"rendered":"\n<p>M\u00e4nner 1 Bericht gegen HC Lustenau<\/p>\n\n\n\n<p>Wir schreiben Samstag, ach ne war nicht Samstag. Dann Sonntag den 13.10.2023. &nbsp;Ne Sonntag wars auch nicht\u2026<\/p>\n\n\n\n<p>Noch einmal. Wir schreiben Freitag, den 13.10.2023 und unsere Herren 1 bestreiten ihr Spiel gegen den HC Lustenau. Die Stimmung war, nennen wir es mal skurril. Freitagsspiele waren bisher mehr Testspiel als Punktspiel. Lassen wir das f\u00fcr den Verlauf mal so stehen.<\/p>\n\n\n\n<p>20:00 Uhr Anpfiff in der Tannenplatzh\u00f6lle. Zu Beginn sch\u00e4tzen unsere Ulmer die Gegner noch sehr hoch ein. Nach drei Minuten erst das erste Tor. Puh, das wird eng. Doch siehe da. Von Minute zu Minute verfl\u00fcchtete sich die Angst vor den Gegnern aus \u00d6sterreich. Bereits in der 14. Spielminute Auszeit f\u00fcr Lustenau, und unsere Ulmer f\u00fchrten mit 9:3 Toren. Und davon wollte man nicht abweichen. Mit stetigen Schritten \u00fcberrannten unsere Herren die Gegner f\u00f6rmlich, so dass wir ein Halbzeitergebnis von 23:11 verzeichnen konnten.<\/p>\n\n\n\n<p>Selbst das war nicht genug. Schritt f\u00fcr Schritt. Konter um Konter bauten unsere M\u00e4nner 1 den Vorsprung aus. Nach weiteren 30 Minuten Spielzeit konnten sie einen Zwei-Punkte-Sieg mit 43:23 Toren f\u00fcr sich verzeichnen. Naja, Freitag, Testspiel eben.<\/p>\n\n\n\n<p>Wenn das mal kein guter Start ins Wochenende ist. Dann wissen wir auch nicht weiter. Wenige Verwarnungen, noch weniger Zeitstrafen und ein jeder Feldspieler konnte sogar mindestens ein Tor f\u00fcr sich verzeichnen, wobei vor allem Daniel Masoldt (7) und Jonathan Cremer (59) mit jeweils 8 Toren die Spitze formten.<\/p>\n\n\n\n<p>Wie immer ein gro\u00dfer Dank an den sportlichen Geist, der alle in die Halle begleitete. Vielen Dank also an die Gegner aus Lustenau, welche ein faires Spiel abhielten und den Schiedsrichter, welcher ebenso fair pfiff. Danke auch an alle Fans, welche sich an einem Freitag den 13. aus dem Haus trauten und f\u00fcr eine gute Atmosph\u00e4re in der Halle sorgten.<\/p>\n\n\n\n<figure class=\"wp-block-video\"><video controls src=\"https:\/\/www.handball-ulm.de\/wp-content\/uploads\/2023\/10\/20231013_m\u00e41_lustenau.mp4\"><\/video><\/figure>\n","protected":false},"excerpt":{"rendered":"<p>Freitag, der 13. ??<\/p>\n<br\/><br\/><a class=\"read-more\" href=\"https:\/\/www.handball-ulm.de\/?p=14980\"> Mehr lesen...<\/a>","protected":false},"author":10,"featured_media":14983,"comment_status":"closed","ping_status":"closed","sticky":false,"template":"","format":"standard","meta":{"ngg_post_thumbnail":0,"footnotes":""},"categories":[85,11,63],"tags":[],"_links":{"self":[{"href":"https:\/\/www.handball-ulm.de\/index.php?rest_route=\/wp\/v2\/posts\/14980"}],"collection":[{"href":"https:\/\/www.handball-ulm.de\/index.php?rest_route=\/wp\/v2\/posts"}],"about":[{"href":"https:\/\/www.handball-ulm.de\/index.php?rest_route=\/wp\/v2\/types\/post"}],"author":[{"embeddable":true,"href":"https:\/\/www.handball-ulm.de\/index.php?rest_route=\/wp\/v2\/users\/10"}],"replies":[{"embeddable":true,"href":"https:\/\/www.handball-ulm.de\/index.php?rest_route=%2Fwp%2Fv2%2Fcomments&post=14980"}],"version-history":[{"count":2,"href":"https:\/\/www.handball-ulm.de\/index.php?rest_route=\/wp\/v2\/posts\/14980\/revisions"}],"predecessor-version":[{"id":14984,"href":"https:\/\/www.handball-ulm.de\/index.php?rest_route=\/wp\/v2\/posts\/14980\/revisions\/14984"}],"wp:featuredmedia":[{"embeddable":true,"href":"https:\/\/www.handball-ulm.de\/index.php?rest_route=\/wp\/v2\/media\/14983"}],"wp:attachment":[{"href":"https:\/\/www.handball-ulm.de\/index.php?rest_route=%2Fwp%2Fv2%2Fmedia&parent=14980"}],"wp:term":[{"taxonomy":"category","embeddable":true,"href":"https:\/\/www.handball-ulm.de\/index.php?rest_route=%2Fwp%2Fv2%2Fcategories&post=14980"},{"taxonomy":"post_tag","embeddable":true,"href":"https:\/\/www.handball-ulm.de\/index.php?rest_route=%2Fwp%2Fv2%2Ftags&post=14980"}],"curies":[{"name":"wp","href":"https:\/\/api.w.org\/{rel}","templated":true}]}}