{"id":14972,"date":"2023-10-20T12:31:53","date_gmt":"2023-10-20T10:31:53","guid":{"rendered":"https:\/\/www.handball-ulm.de\/?p=14972"},"modified":"2023-10-20T12:31:57","modified_gmt":"2023-10-20T10:31:57","slug":"erstes-auswaertsspiel-fuer-unsere-damen-1","status":"publish","type":"post","link":"https:\/\/www.handball-ulm.de\/?p=14972","title":{"rendered":"Erstes Ausw\u00e4rtsspiel f\u00fcr unsere Damen 1"},"content":{"rendered":"\n<p>(AM) Am kommenden Samstag macht sich unsere Erste auf zur SG Ailingen-Tannau 2<a rel=\"noreferrer noopener\" href=\"https:\/\/www.hvw-online.org\/spielbetrieb\/ergebnissetabellen\" target=\"_blank\">.<\/a> Diese sind mit bereits vier absolvierten Partien schon vollends im Saisonalltag angekommen und belegen momentan mit 6:2 Punkten den zweiten Tabellenplatz. Einzig das Spiel gegen die MTG Wangen 2 fiel \u00e4hnlich deutlich aus wie bei uns und wurde mit 33:25 Toren verloren. Aber alle Hintergrundinfos beiseite: Fakt ist, dass unsere Damen versuchen werden, mit ihrer Leistung an das gewonnene Pokalspiel letzte Woche anzukn\u00fcpfen. Mit zwei Pluspunkten im Gep\u00e4ck, reist es sich n\u00e4mlich viel leichter!\u00a0<br>Anpfiff ist um 18:00 Uhr in der Sporthalle Friedrichshafen-Ailingen.<\/p>\n","protected":false},"excerpt":{"rendered":"<p>Vorbericht: SG Ailingen-Tannau &#8211; SG Ulm-Wiblingen<\/p>\n<br\/><br\/><a class=\"read-more\" href=\"https:\/\/www.handball-ulm.de\/?p=14972\"> Mehr lesen...<\/a>","protected":false},"author":16,"featured_media":14975,"comment_status":"closed","ping_status":"closed","sticky":false,"template":"","format":"standard","meta":{"ngg_post_thumbnail":6911,"footnotes":""},"categories":[1,85,13,63],"tags":[],"_links":{"self":[{"href":"https:\/\/www.handball-ulm.de\/index.php?rest_route=\/wp\/v2\/posts\/14972"}],"collection":[{"href":"https:\/\/www.handball-ulm.de\/index.php?rest_route=\/wp\/v2\/posts"}],"about":[{"href":"https:\/\/www.handball-ulm.de\/index.php?rest_route=\/wp\/v2\/types\/post"}],"author":[{"embeddable":true,"href":"https:\/\/www.handball-ulm.de\/index.php?rest_route=\/wp\/v2\/users\/16"}],"replies":[{"embeddable":true,"href":"https:\/\/www.handball-ulm.de\/index.php?rest_route=%2Fwp%2Fv2%2Fcomments&post=14972"}],"version-history":[{"count":2,"href":"https:\/\/www.handball-ulm.de\/index.php?rest_route=\/wp\/v2\/posts\/14972\/revisions"}],"predecessor-version":[{"id":14974,"href":"https:\/\/www.handball-ulm.de\/index.php?rest_route=\/wp\/v2\/posts\/14972\/revisions\/14974"}],"wp:featuredmedia":[{"embeddable":true,"href":"https:\/\/www.handball-ulm.de\/index.php?rest_route=\/wp\/v2\/media\/14975"}],"wp:attachment":[{"href":"https:\/\/www.handball-ulm.de\/index.php?rest_route=%2Fwp%2Fv2%2Fmedia&parent=14972"}],"wp:term":[{"taxonomy":"category","embeddable":true,"href":"https:\/\/www.handball-ulm.de\/index.php?rest_route=%2Fwp%2Fv2%2Fcategories&post=14972"},{"taxonomy":"post_tag","embeddable":true,"href":"https:\/\/www.handball-ulm.de\/index.php?rest_route=%2Fwp%2Fv2%2Ftags&post=14972"}],"curies":[{"name":"wp","href":"https:\/\/api.w.org\/{rel}","templated":true}]}}