{"id":14856,"date":"2023-10-07T21:12:00","date_gmt":"2023-10-07T19:12:00","guid":{"rendered":"https:\/\/www.handball-ulm.de\/?p=14856"},"modified":"2023-10-10T21:20:53","modified_gmt":"2023-10-10T19:20:53","slug":"weststadtminis-1-in-blaustein","status":"publish","type":"post","link":"https:\/\/www.handball-ulm.de\/?p=14856","title":{"rendered":"Weststadtminis 1 in Blaustein"},"content":{"rendered":"\n<p>Am vergangenen Samstag war es endlich soweit \u2013 der erste Spieltag der Minis der Saison 2023\/2024. Beim Gastgeber TSV Blaustein trafen unsere Minis (SG Ulm&amp;Wiblingen 4) auf den TSV Blaustein 2, die TG Biberach, die HSG Langenau\/Elchingen 2, den HV RW Laupheim und den SV Schemmerhofen.<\/p>\n\n\n\n<p>Da die Minis der SG Ulm und Wiblingen \u2013 dank der guten Jugendarbeit &#8211; sehr gut besetzt sind, wurden im Vorfeld die 2017er und 2018er Jahrg\u00e4nge in zwei Mannschaften aufgeteilt. Die SG Ulm&amp;Wiblingen 4 besteht nur aus Spielerinnen und Spielern des 2018er Jahrganges und geh\u00f6ren so zu den j\u00fcngeren der Minis.&nbsp;<\/p>\n\n\n\n<p>Nach einem gemeinsamen Warmmachspiel ging es dann so richtig los: bei Handball, Turmball\/K\u00f6nigsball, dem Koordinationsparcours und einer Pass-Lauf-\u00dcbung konnten die Spielerinnen und Spieler zeigen, was sie im Training gelernt hatten. Den Fokus auf dem Spielgeschehen bzw. dem Ball zu haben, ist f\u00fcr einen Gro\u00dfteil der Mannschaft noch eine Herausforderung, aber die Ans\u00e4tze sind da und die Spielerinnen und Spieler waren mit Spa\u00df bei der Sache. So konnten neben und w\u00e4hrend des Handballspiels auch die ein oder andere Tanzeinlage und der ein oder andere Radschlag bewundert werden.&nbsp;<\/p>\n\n\n\n<p>Die Eltern und Geschwister d\u00fcrfen gespannt sein, wie schnell sich die Leistungen der Minis der SG Ulm&amp;Wiblingen 4 im Laufe der n\u00e4chsten Spieltage steigern werden.&nbsp;<\/p>\n\n\n\n<p>Alles in allem haben wir einen tollen Spieltag erleben d\u00fcrfen, der mit einer Medaille und einer Urkunde f\u00fcr jedes einzelne Kind gekr\u00f6nt wurde.<\/p>\n\n\n\n<figure class=\"wp-block-gallery columns-1 is-cropped wp-block-gallery-1 is-layout-flex wp-block-gallery-is-layout-flex\"><ul class=\"blocks-gallery-grid\"><li class=\"blocks-gallery-item\"><figure><img loading=\"lazy\" decoding=\"async\" width=\"1024\" height=\"568\" src=\"https:\/\/www.handball-ulm.de\/wp-content\/uploads\/2023\/10\/PXL_20231007_080903658-1024x568.jpeg\" alt=\"\" data-id=\"14857\" data-link=\"https:\/\/www.handball-ulm.de\/?attachment_id=14857\" class=\"wp-image-14857\" srcset=\"https:\/\/www.handball-ulm.de\/wp-content\/uploads\/2023\/10\/PXL_20231007_080903658-1024x568.jpeg 1024w, https:\/\/www.handball-ulm.de\/wp-content\/uploads\/2023\/10\/PXL_20231007_080903658-300x166.jpeg 300w, https:\/\/www.handball-ulm.de\/wp-content\/uploads\/2023\/10\/PXL_20231007_080903658-768x426.jpeg 768w, https:\/\/www.handball-ulm.de\/wp-content\/uploads\/2023\/10\/PXL_20231007_080903658-1170x649.jpeg 1170w, https:\/\/www.handball-ulm.de\/wp-content\/uploads\/2023\/10\/PXL_20231007_080903658.jpeg 1252w\" sizes=\"(max-width: 1024px) 100vw, 1024px\" \/><\/figure><\/li><li class=\"blocks-gallery-item\"><figure><img loading=\"lazy\" decoding=\"async\" width=\"1024\" height=\"345\" src=\"https:\/\/www.handball-ulm.de\/wp-content\/uploads\/2023\/10\/PXL_20231007_080524439-1024x345.jpeg\" alt=\"\" data-id=\"14858\" data-link=\"https:\/\/www.handball-ulm.de\/?attachment_id=14858\" class=\"wp-image-14858\" srcset=\"https:\/\/www.handball-ulm.de\/wp-content\/uploads\/2023\/10\/PXL_20231007_080524439-1024x345.jpeg 1024w, https:\/\/www.handball-ulm.de\/wp-content\/uploads\/2023\/10\/PXL_20231007_080524439-300x101.jpeg 300w, https:\/\/www.handball-ulm.de\/wp-content\/uploads\/2023\/10\/PXL_20231007_080524439-768x259.jpeg 768w, https:\/\/www.handball-ulm.de\/wp-content\/uploads\/2023\/10\/PXL_20231007_080524439-1170x395.jpeg 1170w, https:\/\/www.handball-ulm.de\/wp-content\/uploads\/2023\/10\/PXL_20231007_080524439.jpeg 1275w\" sizes=\"(max-width: 1024px) 100vw, 1024px\" \/><\/figure><\/li><li class=\"blocks-gallery-item\"><figure><img loading=\"lazy\" decoding=\"async\" width=\"1024\" height=\"437\" src=\"https:\/\/www.handball-ulm.de\/wp-content\/uploads\/2023\/10\/IMG-20231007-WA0002-1-1024x437.jpeg\" alt=\"\" data-id=\"14860\" data-full-url=\"https:\/\/www.handball-ulm.de\/wp-content\/uploads\/2023\/10\/IMG-20231007-WA0002-1.jpeg\" data-link=\"https:\/\/www.handball-ulm.de\/?attachment_id=14860\" class=\"wp-image-14860\" srcset=\"https:\/\/www.handball-ulm.de\/wp-content\/uploads\/2023\/10\/IMG-20231007-WA0002-1-1024x437.jpeg 1024w, https:\/\/www.handball-ulm.de\/wp-content\/uploads\/2023\/10\/IMG-20231007-WA0002-1-300x128.jpeg 300w, https:\/\/www.handball-ulm.de\/wp-content\/uploads\/2023\/10\/IMG-20231007-WA0002-1-768x328.jpeg 768w, https:\/\/www.handball-ulm.de\/wp-content\/uploads\/2023\/10\/IMG-20231007-WA0002-1.jpeg 1171w\" sizes=\"(max-width: 1024px) 100vw, 1024px\" \/><\/figure><\/li><\/ul><\/figure>\n\n\n\n<p><\/p>\n","protected":false},"excerpt":{"rendered":"<p>Handball? Turnen? oder doch Tanzen? \u263a<\/p>\n<br\/><br\/><a class=\"read-more\" href=\"https:\/\/www.handball-ulm.de\/?p=14856\"> Mehr lesen...<\/a>","protected":false},"author":10,"featured_media":14859,"comment_status":"closed","ping_status":"closed","sticky":false,"template":"","format":"standard","meta":{"ngg_post_thumbnail":0,"footnotes":""},"categories":[85,29,63],"tags":[],"_links":{"self":[{"href":"https:\/\/www.handball-ulm.de\/index.php?rest_route=\/wp\/v2\/posts\/14856"}],"collection":[{"href":"https:\/\/www.handball-ulm.de\/index.php?rest_route=\/wp\/v2\/posts"}],"about":[{"href":"https:\/\/www.handball-ulm.de\/index.php?rest_route=\/wp\/v2\/types\/post"}],"author":[{"embeddable":true,"href":"https:\/\/www.handball-ulm.de\/index.php?rest_route=\/wp\/v2\/users\/10"}],"replies":[{"embeddable":true,"href":"https:\/\/www.handball-ulm.de\/index.php?rest_route=%2Fwp%2Fv2%2Fcomments&post=14856"}],"version-history":[{"count":2,"href":"https:\/\/www.handball-ulm.de\/index.php?rest_route=\/wp\/v2\/posts\/14856\/revisions"}],"predecessor-version":[{"id":14862,"href":"https:\/\/www.handball-ulm.de\/index.php?rest_route=\/wp\/v2\/posts\/14856\/revisions\/14862"}],"wp:featuredmedia":[{"embeddable":true,"href":"https:\/\/www.handball-ulm.de\/index.php?rest_route=\/wp\/v2\/media\/14859"}],"wp:attachment":[{"href":"https:\/\/www.handball-ulm.de\/index.php?rest_route=%2Fwp%2Fv2%2Fmedia&parent=14856"}],"wp:term":[{"taxonomy":"category","embeddable":true,"href":"https:\/\/www.handball-ulm.de\/index.php?rest_route=%2Fwp%2Fv2%2Fcategories&post=14856"},{"taxonomy":"post_tag","embeddable":true,"href":"https:\/\/www.handball-ulm.de\/index.php?rest_route=%2Fwp%2Fv2%2Ftags&post=14856"}],"curies":[{"name":"wp","href":"https:\/\/api.w.org\/{rel}","templated":true}]}}