{"id":1472,"date":"2019-08-30T18:22:45","date_gmt":"2019-08-30T16:22:45","guid":{"rendered":"https:\/\/www.handball-ulm.de\/?p=1472"},"modified":"2020-05-11T23:18:03","modified_gmt":"2020-05-11T21:18:03","slug":"auf-gehts-nach-brenz","status":"publish","type":"post","link":"https:\/\/www.handball-ulm.de\/?p=1472","title":{"rendered":"Auf geht`s nach Brenz"},"content":{"rendered":"\n<p>Am 13.\/.14.07.2019 war die SG Ulm &amp;\nWiblingen mit 11 Mannschaften in Brenz bei Sontheim auf dem allj\u00e4hrlichen\nTurnier. Alle Mannschaften waren sehr erfolgreich und hatten noch mehr Spa\u00df.\nWir danken dem TV Brenz f\u00fcr die Ausrichtung und gute Betreuung.<\/p>\n\n\n\n<figure class=\"wp-block-image\"><img loading=\"lazy\" decoding=\"async\" width=\"1024\" height=\"296\" src=\"https:\/\/www.handball-ulm.de\/wp-content\/uploads\/2019\/08\/2019_07_13_Brenz2-1024x296.jpg\" alt=\"\" class=\"wp-image-1473\" srcset=\"https:\/\/www.handball-ulm.de\/wp-content\/uploads\/2019\/08\/2019_07_13_Brenz2-1024x296.jpg 1024w, https:\/\/www.handball-ulm.de\/wp-content\/uploads\/2019\/08\/2019_07_13_Brenz2-300x87.jpg 300w, https:\/\/www.handball-ulm.de\/wp-content\/uploads\/2019\/08\/2019_07_13_Brenz2-768x222.jpg 768w\" sizes=\"(max-width: 1024px) 100vw, 1024px\" \/><\/figure>\n\n\n\n<p>Wir von der A-Jugend sind zu d3n Brenzer\nHandballtagen schon einen Tag fr\u00fcher angereist. Als wir am Turniergel\u00e4nde\nankamen, sicherten wir uns einen Zeltplatz und bauten die Zelte auf.\nAnschlie\u00dfend schauten wir beim Hobbyturnier zu. Als das vorbei war, haben wir\nuns im Festzelt einen sch\u00f6nen Abend gemacht. Am n\u00e4chsten Morgen sind wir fr\u00fch\naufgestanden,&nbsp; um beim Rewe Fr\u00fchst\u00fcck zu besorgen. Nach unserer R\u00fcckkehr\ngenossen wir den Vormittag und warteten auf die anderen Mannschaften unserer\nSG. Nach deren Ankunft halfen wir beim Zeltaufbau und bereiteten uns auf unsere\nSpiele vor. Abends gingen wir gemeinsam essen. Ein weiterer sch\u00f6ner Abend im\nFestzelt folgte. Der Sonntag begann mit dem Fr\u00fchst\u00fcck.&nbsp; Anschlie\u00dfend\nbereiteten wir uns wieder auf unsere Spiele vor. Durch st\u00e4ndiges Pushen mit\nunserem neuen Lieblingslied &#8222;Flitsmeister&#8220; \u00fcberstanden wir die Spiele\ngut. Gegen Nachmittag bauten wir die Zelte ab. Ein dritter Platz war unser\nErgebnis und Megaspa\u00df. Brenz! Wir kommen wieder. <\/p>\n\n\n\n<figure class=\"wp-block-image\"><img loading=\"lazy\" decoding=\"async\" width=\"1024\" height=\"500\" src=\"https:\/\/www.handball-ulm.de\/wp-content\/uploads\/2019\/08\/2019_07_13_Brenz-1024x500.jpg\" alt=\"\" class=\"wp-image-1474\" srcset=\"https:\/\/www.handball-ulm.de\/wp-content\/uploads\/2019\/08\/2019_07_13_Brenz-1024x500.jpg 1024w, https:\/\/www.handball-ulm.de\/wp-content\/uploads\/2019\/08\/2019_07_13_Brenz-300x146.jpg 300w, https:\/\/www.handball-ulm.de\/wp-content\/uploads\/2019\/08\/2019_07_13_Brenz-768x375.jpg 768w\" sizes=\"(max-width: 1024px) 100vw, 1024px\" \/><\/figure>\n\n\n\n<p>Als wir ankamen, bauten wir, M\u00e4dchen der\nD-Jugend als erstes unsere Zelte auf. Danach schauten wir uns Spiele der\nanderen Mannschaften an. Am Abend spielten wir gegen die Jungs der Jugend ein\nSpa\u00dfspiel. Dabei brach sich Isabel leider den Arm. Isabel wurde versorgt und musste\nins Krankenhaus.&nbsp; Wir haben das Spiel fortgesetzt. Im Anschluss a\u00dfen wir\nPommes. Wir spielten Verstecko, Volleyball und R\u00e4uber und Gendarm. Sehr sp\u00e4t\nsind wir ins Bett gegangen. Wir wollten ja noch h\u00f6ren, was unsere Trainerin von\nIsabell erz\u00e4hlt. Am n\u00e4chsten Morgen gab es Fr\u00fchst\u00fcck. F\u00fcr unsere Spiele warmmachen,\nmussten wir uns nicht, denn es war sehr hei\u00df.&nbsp; Das erste Spiel mussten wir\ngegen unsere eigenen Mitspielerinnen spielen, weil wir zwei Mannschaften\nhatten. Wenn wir nicht selbst spielten, schauten wir den anderen zu. Fast alle\nUlmer Mannschaften waren auf dem Turnier dabei. Die meisten Zuschauer hatte die\nweibliche E-Jugend, weil wir danach ein gro\u00dfes Gruppenfoto machten. Wir\nbelegten den 3. und 5. Platz und hatten sehr viel Spa\u00df.&nbsp; <\/p>\n\n\n\n<p>Andi M\u00fcller und die Jungs der A-Jugend und die M\u00e4dchen der D-Jugend <\/p>\n\n\n\n<p><\/p>\n\n\n\n<figure class=\"wp-block-image\"><img loading=\"lazy\" decoding=\"async\" width=\"1024\" height=\"907\" src=\"https:\/\/www.handball-ulm.de\/wp-content\/uploads\/2019\/08\/2019_07_13_Brenz3-1024x907.jpg\" alt=\"\" class=\"wp-image-1475\" srcset=\"https:\/\/www.handball-ulm.de\/wp-content\/uploads\/2019\/08\/2019_07_13_Brenz3-1024x907.jpg 1024w, https:\/\/www.handball-ulm.de\/wp-content\/uploads\/2019\/08\/2019_07_13_Brenz3-300x266.jpg 300w, https:\/\/www.handball-ulm.de\/wp-content\/uploads\/2019\/08\/2019_07_13_Brenz3-768x680.jpg 768w, https:\/\/www.handball-ulm.de\/wp-content\/uploads\/2019\/08\/2019_07_13_Brenz3.jpg 1527w\" sizes=\"(max-width: 1024px) 100vw, 1024px\" \/><\/figure>\n","protected":false},"excerpt":{"rendered":"<p>Am 13.\/.14.07.2019 war die SG Ulm &amp; Wiblingen mit 11 Mannschaften in Brenz bei Sontheim auf dem allj\u00e4hrlichen Turnier. Alle Mannschaften waren sehr erfolgreich und hatten noch mehr Spa\u00df. Wir danken dem TV Brenz f\u00fcr die Ausrichtung und gute Betreuung. Wir von der A-Jugend sind zu d3n Brenzer Handballtagen schon einen Tag fr\u00fcher angereist. Als [&hellip;]<\/p>\n<br\/><br\/><a class=\"read-more\" href=\"https:\/\/www.handball-ulm.de\/?p=1472\"> Mehr lesen...<\/a>","protected":false},"author":10,"featured_media":1678,"comment_status":"closed","ping_status":"closed","sticky":false,"template":"","format":"standard","meta":{"ngg_post_thumbnail":0,"footnotes":""},"categories":[1,66,63],"tags":[],"_links":{"self":[{"href":"https:\/\/www.handball-ulm.de\/index.php?rest_route=\/wp\/v2\/posts\/1472"}],"collection":[{"href":"https:\/\/www.handball-ulm.de\/index.php?rest_route=\/wp\/v2\/posts"}],"about":[{"href":"https:\/\/www.handball-ulm.de\/index.php?rest_route=\/wp\/v2\/types\/post"}],"author":[{"embeddable":true,"href":"https:\/\/www.handball-ulm.de\/index.php?rest_route=\/wp\/v2\/users\/10"}],"replies":[{"embeddable":true,"href":"https:\/\/www.handball-ulm.de\/index.php?rest_route=%2Fwp%2Fv2%2Fcomments&post=1472"}],"version-history":[{"count":1,"href":"https:\/\/www.handball-ulm.de\/index.php?rest_route=\/wp\/v2\/posts\/1472\/revisions"}],"predecessor-version":[{"id":1476,"href":"https:\/\/www.handball-ulm.de\/index.php?rest_route=\/wp\/v2\/posts\/1472\/revisions\/1476"}],"wp:featuredmedia":[{"embeddable":true,"href":"https:\/\/www.handball-ulm.de\/index.php?rest_route=\/wp\/v2\/media\/1678"}],"wp:attachment":[{"href":"https:\/\/www.handball-ulm.de\/index.php?rest_route=%2Fwp%2Fv2%2Fmedia&parent=1472"}],"wp:term":[{"taxonomy":"category","embeddable":true,"href":"https:\/\/www.handball-ulm.de\/index.php?rest_route=%2Fwp%2Fv2%2Fcategories&post=1472"},{"taxonomy":"post_tag","embeddable":true,"href":"https:\/\/www.handball-ulm.de\/index.php?rest_route=%2Fwp%2Fv2%2Ftags&post=1472"}],"curies":[{"name":"wp","href":"https:\/\/api.w.org\/{rel}","templated":true}]}}