{"id":1465,"date":"2019-08-30T18:14:50","date_gmt":"2019-08-30T16:14:50","guid":{"rendered":"https:\/\/www.handball-ulm.de\/?p=1465"},"modified":"2020-05-11T23:17:56","modified_gmt":"2020-05-11T21:17:56","slug":"die-neuen-in-der-handball-abteilung","status":"publish","type":"post","link":"https:\/\/www.handball-ulm.de\/?p=1465","title":{"rendered":"Die Neuen in der Handball-Abteilung"},"content":{"rendered":"\n<p>Der Schiedsrichterobmann<\/p>\n\n\n\n<figure class=\"wp-block-image is-resized\"><img loading=\"lazy\" decoding=\"async\" src=\"https:\/\/www.handball-ulm.de\/wp-content\/uploads\/2019\/08\/2019_07_29_Die_Neuen_Ali-Sancak.jpg\" alt=\"\" class=\"wp-image-1466\" width=\"350\" height=\"429\"\/><\/figure>\n\n\n\n<p>F\u00fcr das Amt des Schiri-Obmanns konnte die SG\ndiese Saison Ali Sancak gewinnen. Er ist selbst mit Leidenschaft Schiedsrichter\nin unserem Verein und kann damit diesen Posten bestens besetzen. Er k\u00fcmmert\nsich mit viel Engagement um den Schiedsrichterbetrieb und zieht neue Schiris an\nBord. Wir m\u00f6chten uns bei ihm bedanken, denn jeder wei\u00df, ohne Schiedsrichter\nkein Spiel. <br>\nEin weiterer Dank geht an Mary M\u00fcrdel, welche das Amt bis zur \u00dcbergabe an Ali bekleidete.<\/p>\n\n\n\n<p>Der Jugendtrainerbetreuer<\/p>\n\n\n\n<p>Die SG Jugendabteilung hat den B-Lizenz\nTrainer Reiner Kazmeier f\u00fcr das Jugendtrainercoaching gewinnen k\u00f6nnen. Seit\nFebruar 2019 hat er die verschiedenen Jugendteams der SG besucht und das\nTraining beobachtet. Schwerpunkte der Hospitationen sind:\nTrainingsorganisation, Trainingsaufbau und -struktur, p\u00e4dagogische Hilfen im\nUmgang mit den Kindern\/ Jugendlichen, handballspezifische Anregungen und\nUnterst\u00fctzung im Training. Gemeinsam mit den Trainerinnen und Trainern werden\ndie Trainingseinheiten analysiert, Alternativen zu den \u00dcbungsformen und Spielen\nbesprochen sowie p\u00e4dagogische, fachliche und methodische Ideen vorgestellt.\nGemeinsam vereinbarte Zielsetzungen, die bei der n\u00e4chsten Hospitation wieder\nein Thema sind, runden die Beratung ab. Mit dem Coaching soll die gute Qualit\u00e4t\nder Trainingseinheiten weiter gesteigert und die sehr engagierten Trainerinnen\/\nTrainer in ihrer Arbeit gest\u00e4rkt werden. <\/p>\n\n\n\n<p>Der Fotograf<\/p>\n\n\n\n<figure class=\"wp-block-image is-resized\"><img loading=\"lazy\" decoding=\"async\" src=\"https:\/\/www.handball-ulm.de\/wp-content\/uploads\/2019\/08\/2019_07_29_Die_Neuen_Simon-Reitz-1-241x300.jpg\" alt=\"\" class=\"wp-image-1470\" width=\"352\" height=\"424\"\/><\/figure>\n\n\n\n<p>Mein Name ist Simon Reitz, und ich bin begeisterter Fotograf. F\u00fcr die SG Ulm&amp;Wiblingen darf ich regelm\u00e4\u00dfig Mannschafts- und Gruppenfotos aufnehmen sowie verschiedene Events begleiten, da meine Frau und Kinder handballverr\u00fcckt sind und so der Kontakt entstand. Da ich mittlerweile ein Gewerbe angemeldet habe, biete ich meine Dienste f\u00fcr z.B. Baby-, Kinder- und Familienshootings sowie Einzelportraits an. Infos finden sich hier unter www.fotopraxxis-ulm.de.<\/p>\n","protected":false},"excerpt":{"rendered":"<p>Der Schiedsrichterobmann F\u00fcr das Amt des Schiri-Obmanns konnte die SG diese Saison Ali Sancak gewinnen. Er ist selbst mit Leidenschaft Schiedsrichter in unserem Verein und kann damit diesen Posten bestens besetzen. Er k\u00fcmmert sich mit viel Engagement um den Schiedsrichterbetrieb und zieht neue Schiris an Bord. Wir m\u00f6chten uns bei ihm bedanken, denn jeder wei\u00df, [&hellip;]<\/p>\n<br\/><br\/><a class=\"read-more\" href=\"https:\/\/www.handball-ulm.de\/?p=1465\"> Mehr lesen...<\/a>","protected":false},"author":10,"featured_media":0,"comment_status":"closed","ping_status":"closed","sticky":false,"template":"","format":"standard","meta":{"ngg_post_thumbnail":0,"footnotes":""},"categories":[1,66,63],"tags":[],"_links":{"self":[{"href":"https:\/\/www.handball-ulm.de\/index.php?rest_route=\/wp\/v2\/posts\/1465"}],"collection":[{"href":"https:\/\/www.handball-ulm.de\/index.php?rest_route=\/wp\/v2\/posts"}],"about":[{"href":"https:\/\/www.handball-ulm.de\/index.php?rest_route=\/wp\/v2\/types\/post"}],"author":[{"embeddable":true,"href":"https:\/\/www.handball-ulm.de\/index.php?rest_route=\/wp\/v2\/users\/10"}],"replies":[{"embeddable":true,"href":"https:\/\/www.handball-ulm.de\/index.php?rest_route=%2Fwp%2Fv2%2Fcomments&post=1465"}],"version-history":[{"count":7,"href":"https:\/\/www.handball-ulm.de\/index.php?rest_route=\/wp\/v2\/posts\/1465\/revisions"}],"predecessor-version":[{"id":1765,"href":"https:\/\/www.handball-ulm.de\/index.php?rest_route=\/wp\/v2\/posts\/1465\/revisions\/1765"}],"wp:attachment":[{"href":"https:\/\/www.handball-ulm.de\/index.php?rest_route=%2Fwp%2Fv2%2Fmedia&parent=1465"}],"wp:term":[{"taxonomy":"category","embeddable":true,"href":"https:\/\/www.handball-ulm.de\/index.php?rest_route=%2Fwp%2Fv2%2Fcategories&post=1465"},{"taxonomy":"post_tag","embeddable":true,"href":"https:\/\/www.handball-ulm.de\/index.php?rest_route=%2Fwp%2Fv2%2Ftags&post=1465"}],"curies":[{"name":"wp","href":"https:\/\/api.w.org\/{rel}","templated":true}]}}