{"id":14433,"date":"2023-10-03T12:00:14","date_gmt":"2023-10-03T10:00:14","guid":{"rendered":"https:\/\/www.handball-ulm.de\/?p=14433"},"modified":"2023-10-05T17:01:48","modified_gmt":"2023-10-05T15:01:48","slug":"die-minis-in-goeoeglingen","status":"publish","type":"post","link":"https:\/\/www.handball-ulm.de\/?p=14433","title":{"rendered":"Die Minis in G\u00f6gglingen"},"content":{"rendered":"\n<p>Ab Beginn des Schuljahres 2023\/2024 \u00fcbernimmt die SG Ulm &amp; Wiblingen die G\u00f6gglinger Minis.<br>Die SG m\u00f6chte den Kindern die Freude am Handball n\u00e4herbringen.<br>Die Kinder sollen laufen, springen, fangen, werfen, sich kugeln oder einfach nur mit Freunden durch die Halle toben.<br>Unter Anleitung unserer jungen Trainerinnen Annika und Franzi werden alle viel Spa\u00df haben.<\/p>\n","protected":false},"excerpt":{"rendered":"<p>Ab Beginn des Schuljahres 2023\/2024 \u00fcbernimmt die SG Ulm &amp; Wiblingen die G\u00f6gglinger Minis.Die SG m\u00f6chte den Kindern die Freude am Handball n\u00e4herbringen.Die Kinder sollen laufen, springen, fangen, werfen, sich kugeln oder einfach nur mit Freunden durch die Halle toben.Unter Anleitung unserer jungen Trainerinnen Annika und Franzi werden alle viel Spa\u00df haben.<\/p>\n<br\/><br\/><a class=\"read-more\" href=\"https:\/\/www.handball-ulm.de\/?p=14433\"> Mehr lesen...<\/a>","protected":false},"author":10,"featured_media":0,"comment_status":"closed","ping_status":"closed","sticky":false,"template":"","format":"standard","meta":{"ngg_post_thumbnail":0,"footnotes":""},"categories":[85,86],"tags":[],"_links":{"self":[{"href":"https:\/\/www.handball-ulm.de\/index.php?rest_route=\/wp\/v2\/posts\/14433"}],"collection":[{"href":"https:\/\/www.handball-ulm.de\/index.php?rest_route=\/wp\/v2\/posts"}],"about":[{"href":"https:\/\/www.handball-ulm.de\/index.php?rest_route=\/wp\/v2\/types\/post"}],"author":[{"embeddable":true,"href":"https:\/\/www.handball-ulm.de\/index.php?rest_route=\/wp\/v2\/users\/10"}],"replies":[{"embeddable":true,"href":"https:\/\/www.handball-ulm.de\/index.php?rest_route=%2Fwp%2Fv2%2Fcomments&post=14433"}],"version-history":[{"count":3,"href":"https:\/\/www.handball-ulm.de\/index.php?rest_route=\/wp\/v2\/posts\/14433\/revisions"}],"predecessor-version":[{"id":14467,"href":"https:\/\/www.handball-ulm.de\/index.php?rest_route=\/wp\/v2\/posts\/14433\/revisions\/14467"}],"wp:attachment":[{"href":"https:\/\/www.handball-ulm.de\/index.php?rest_route=%2Fwp%2Fv2%2Fmedia&parent=14433"}],"wp:term":[{"taxonomy":"category","embeddable":true,"href":"https:\/\/www.handball-ulm.de\/index.php?rest_route=%2Fwp%2Fv2%2Fcategories&post=14433"},{"taxonomy":"post_tag","embeddable":true,"href":"https:\/\/www.handball-ulm.de\/index.php?rest_route=%2Fwp%2Fv2%2Ftags&post=14433"}],"curies":[{"name":"wp","href":"https:\/\/api.w.org\/{rel}","templated":true}]}}