{"id":14246,"date":"2023-09-25T23:34:00","date_gmt":"2023-09-25T21:34:00","guid":{"rendered":"https:\/\/www.handball-ulm.de\/?p=14246"},"modified":"2023-09-25T23:34:37","modified_gmt":"2023-09-25T21:34:37","slug":"mini-minis-weststadt-saison-bericht-2023-2","status":"publish","type":"post","link":"https:\/\/www.handball-ulm.de\/?p=14246","title":{"rendered":"Mini Minis Weststadt: Saison Bericht 2023\/2"},"content":{"rendered":"<p>Die Weststadt MiniMinis sind mit 3 \u201ealten Hasen\u201c in die Saison 2023\/2024 gestartet, nachdem 17 MiniMinis voller Aufregung zu den \u201egro\u00dfen\u201c Minis wechseln durften. Wir w\u00fcnschen euch auf diesem Wege weiterhin viel Spa\u00df beim Handball.<\/p>\n<p>Unser Handball-Teamgeist wird auch jetzt von Anfang bis Ende gelebt. Wir beginnen unser Training immer mit einer gemeinsamen Begr\u00fc\u00dfung:<\/p>\n<p><strong>\u201eWir sind eine HANDBALLMANNSCHAFT.<\/strong><br \/>\n<strong>Wir haben zusammen SPASS.<\/strong><br \/>\n<strong>Wir sagen immer: ICH KANN DAS!<\/strong><br \/>\n<strong>Wir sind die MINIMINIS.\u201c<\/strong><\/p>\n<p>Zu uns kommen neue aufgeweckte kleine MiniMinis, die sich im Training austoben und Freude an der Bewegung haben. Vor allem im Parkour stellen sie sich immer wieder neuen Herausforderungen wie zum Beispiel beim Klettern, Balancieren, Springen, in der Koordination aber nat\u00fcrlich auch im Fangen und Werfen. All dies lernen die MiniMinis spielerisch.<\/p>\n<p>So auch das Aufw\u00e4rmen im \u201eKreis\u201c. Hopserlauf f\u00fcr die Sprungkraft, Raumgef\u00fchlentwickeln, wo steht der n\u00e4chste MiniMini?, Krafttraining und Dehn\u00fcbungen werden in kindgerechte Geschichten gepackt, um die MiniMinis mitzunehmen und zu begeistern. So ist auch die langweiligste Kraft\u00fcbung ein Kinderspiel \ud83d\ude09.<\/p>\n<p>Handball kommt nat\u00fcrlich auch nicht zu kurz. An den Spieltagen stellen die MiniMinis ihr K\u00f6nnen und das neu Erlernte voller Freude und Stolz, dem nicht minder begeisterten Publikum vor. Dabei ist das Einlaufen mit eigenen Trikots in die gro\u00dfe Halle ein Highlight f\u00fcr die kleinen Handballer.<\/p>\n<p>Wir w\u00fcnschen allen eine tolle Saison 2023\/2024.<\/p>\n<p>Zu guter Letzt, beenden wir unseren Bericht wie auch unser Training mit einem lauten:<\/p>\n<p><strong>\u201eWir sind die MiniMinis!\u201c<\/strong><\/p>\n","protected":false},"excerpt":{"rendered":"<p>Die Weststadt MiniMinis sind mit 3 \u201ealten Hasen\u201c in die Saison 2023\/2024 gestartet, nachdem 17 MiniMinis voller Aufregung zu den \u201egro\u00dfen\u201c Minis wechseln durften. Wir w\u00fcnschen euch auf diesem Wege weiterhin viel Spa\u00df beim Handball. Unser Handball-Teamgeist wird auch jetzt von Anfang bis Ende gelebt. Wir beginnen unser Training immer mit einer gemeinsamen Begr\u00fc\u00dfung: \u201eWir [&hellip;]<\/p>\n<br\/><br\/><a class=\"read-more\" href=\"https:\/\/www.handball-ulm.de\/?p=14246\"> Mehr lesen...<\/a>","protected":false},"author":1,"featured_media":0,"comment_status":"closed","ping_status":"closed","sticky":false,"template":"","format":"standard","meta":{"ngg_post_thumbnail":0,"footnotes":""},"categories":[31],"tags":[],"_links":{"self":[{"href":"https:\/\/www.handball-ulm.de\/index.php?rest_route=\/wp\/v2\/posts\/14246"}],"collection":[{"href":"https:\/\/www.handball-ulm.de\/index.php?rest_route=\/wp\/v2\/posts"}],"about":[{"href":"https:\/\/www.handball-ulm.de\/index.php?rest_route=\/wp\/v2\/types\/post"}],"author":[{"embeddable":true,"href":"https:\/\/www.handball-ulm.de\/index.php?rest_route=\/wp\/v2\/users\/1"}],"replies":[{"embeddable":true,"href":"https:\/\/www.handball-ulm.de\/index.php?rest_route=%2Fwp%2Fv2%2Fcomments&post=14246"}],"version-history":[{"count":2,"href":"https:\/\/www.handball-ulm.de\/index.php?rest_route=\/wp\/v2\/posts\/14246\/revisions"}],"predecessor-version":[{"id":14249,"href":"https:\/\/www.handball-ulm.de\/index.php?rest_route=\/wp\/v2\/posts\/14246\/revisions\/14249"}],"wp:attachment":[{"href":"https:\/\/www.handball-ulm.de\/index.php?rest_route=%2Fwp%2Fv2%2Fmedia&parent=14246"}],"wp:term":[{"taxonomy":"category","embeddable":true,"href":"https:\/\/www.handball-ulm.de\/index.php?rest_route=%2Fwp%2Fv2%2Fcategories&post=14246"},{"taxonomy":"post_tag","embeddable":true,"href":"https:\/\/www.handball-ulm.de\/index.php?rest_route=%2Fwp%2Fv2%2Ftags&post=14246"}],"curies":[{"name":"wp","href":"https:\/\/api.w.org\/{rel}","templated":true}]}}