{"id":14171,"date":"2023-09-25T21:56:53","date_gmt":"2023-09-25T19:56:53","guid":{"rendered":"https:\/\/www.handball-ulm.de\/?p=14171"},"modified":"2023-09-25T21:56:56","modified_gmt":"2023-09-25T19:56:56","slug":"miniminis-oststadt-saison-bericht-2023-24","status":"publish","type":"post","link":"https:\/\/www.handball-ulm.de\/?p=14171","title":{"rendered":"MiniMinis Oststadt: Saison Bericht 2023\/24"},"content":{"rendered":"\n<p>Nachdem einige Miniminis zu den Minis nebenan gewechselt sind, starteten wir mit einigen neuen Kindern und neuen Trainern in die Saison 2023\/2024<\/p>\n\n\n\n<p><strong>\u201eWir sind die MiniMinis!\u201c<\/strong><\/p>\n\n\n\n<p>Unsere Kleinsten d\u00fcrfen sich mit Spiel und Spa\u00df in der Halle ausprobieren. Die Stunde beinhaltet immer einfache \u00dcbungen und Spiele mit und ohne Handball und eine Ger\u00e4telandschaft (Parkour) zum Klettern, Balancieren und Springen. So k\u00f6nnen schon die Kleinsten ihre Koordination und ihr Ballgef\u00fchl trainieren und sich beim Turnen und Rennen auspowern. Durch Zusammenhalt im Team wird so manche neue H\u00fcrde gemeistert: \u201aZusammen sind wir gro\u00df\u2019&nbsp;<\/p>\n\n\n\n<p>Wir freuen uns auf eine neue spannende und spa\u00dfige&nbsp;Handball-Saison mit den Miniminis.<\/p>\n\n\n\n<p><\/p>\n","protected":false},"excerpt":{"rendered":"<p>Nachdem einige Miniminis zu den Minis nebenan gewechselt sind, starteten wir mit einigen neuen Kindern und neuen Trainern in die Saison 2023\/2024 \u201eWir sind die MiniMinis!\u201c Unsere Kleinsten d\u00fcrfen sich mit Spiel und Spa\u00df in der Halle ausprobieren. Die Stunde beinhaltet immer einfache \u00dcbungen und Spiele mit und ohne Handball und eine Ger\u00e4telandschaft (Parkour) zum [&hellip;]<\/p>\n<br\/><br\/><a class=\"read-more\" href=\"https:\/\/www.handball-ulm.de\/?p=14171\"> Mehr lesen...<\/a>","protected":false},"author":1,"featured_media":0,"comment_status":"closed","ping_status":"closed","sticky":false,"template":"","format":"standard","meta":{"ngg_post_thumbnail":0,"footnotes":""},"categories":[73],"tags":[],"_links":{"self":[{"href":"https:\/\/www.handball-ulm.de\/index.php?rest_route=\/wp\/v2\/posts\/14171"}],"collection":[{"href":"https:\/\/www.handball-ulm.de\/index.php?rest_route=\/wp\/v2\/posts"}],"about":[{"href":"https:\/\/www.handball-ulm.de\/index.php?rest_route=\/wp\/v2\/types\/post"}],"author":[{"embeddable":true,"href":"https:\/\/www.handball-ulm.de\/index.php?rest_route=\/wp\/v2\/users\/1"}],"replies":[{"embeddable":true,"href":"https:\/\/www.handball-ulm.de\/index.php?rest_route=%2Fwp%2Fv2%2Fcomments&post=14171"}],"version-history":[{"count":1,"href":"https:\/\/www.handball-ulm.de\/index.php?rest_route=\/wp\/v2\/posts\/14171\/revisions"}],"predecessor-version":[{"id":14172,"href":"https:\/\/www.handball-ulm.de\/index.php?rest_route=\/wp\/v2\/posts\/14171\/revisions\/14172"}],"wp:attachment":[{"href":"https:\/\/www.handball-ulm.de\/index.php?rest_route=%2Fwp%2Fv2%2Fmedia&parent=14171"}],"wp:term":[{"taxonomy":"category","embeddable":true,"href":"https:\/\/www.handball-ulm.de\/index.php?rest_route=%2Fwp%2Fv2%2Fcategories&post=14171"},{"taxonomy":"post_tag","embeddable":true,"href":"https:\/\/www.handball-ulm.de\/index.php?rest_route=%2Fwp%2Fv2%2Ftags&post=14171"}],"curies":[{"name":"wp","href":"https:\/\/api.w.org\/{rel}","templated":true}]}}