{"id":14114,"date":"2023-09-23T22:37:00","date_gmt":"2023-09-23T20:37:00","guid":{"rendered":"https:\/\/www.handball-ulm.de\/?p=14114"},"modified":"2023-09-25T20:37:48","modified_gmt":"2023-09-25T18:37:48","slug":"bericht-herren-1-gegen-bw-feldkirch","status":"publish","type":"post","link":"https:\/\/www.handball-ulm.de\/?p=14114","title":{"rendered":"Bericht Herren 1 gegen BW Feldkirch"},"content":{"rendered":"\n<p>Bericht zum Handballspiel in der Tannenplatzhalle am heutigen Tag<\/p>\n\n\n\n<p>Heute fand in der Tannenplatzhalle ein spannendes Handballspiel statt, bei dem unsere Mannschaft auf den BW Feldkirch traf. Eine Besonderheit des Tages war, dass unser Trainer abwesend war und stattdessen &#8222;Big&#8220; das Coaching \u00fcbernahm.<\/p>\n\n\n\n<p>Das Spiel begann vielversprechend, und zur Halbzeit f\u00fchrten wir mit einem beeindruckenden Spielstand von 22:11. Unsere Mannschaft zeigte eine starke Leistung auf dem Spielfeld und setzte sich entschlossen gegen den Gegner durch.<\/p>\n\n\n\n<p>Am Ende des Spiels behielten wir die Oberhand und siegten mit einem Endstand von 34:25. Dieser Sieg war ein verdientes Ergebnis f\u00fcr die harte Arbeit und das Engagement unserer Spieler.<\/p>\n\n\n\n<p>W\u00e4hrend des Spiels mussten wir insgesamt sechs Zeitstrafen hinnehmen, was zeigt, dass es ein intensives Match war. Dennoch lie\u00dfen wir uns davon nicht aus dem Konzept bringen und behielten die Kontrolle \u00fcber das Spiel.<\/p>\n\n\n\n<p>Die Top Torsch\u00fctzen unseres Teams waren Marcel Bart mit der Nummer 69 und Jonathan Cremer mit der Nummer 59, die durch ihre beeindruckenden Leistungen das Spiel ma\u00dfgeblich beeinflussten. Unser Torh\u00fcter, Florian D\u00f6rfler, zeigte eine herausragende Performance und hielt zahlreiche wichtige B\u00e4lle, was entscheidend f\u00fcr unseren Sieg war.<\/p>\n\n\n\n<p>Besonders erfreulich war, dass Franz Hetzelberger mit der Nummer 5 sein erstes Spiel bei den aktiven Spielern bestritt und einen wertvollen Beitrag zum Erfolg unserer Mannschaft leistete.<\/p>\n\n\n\n<p>Abschlie\u00dfend m\u00f6chten wir uns herzlich bei den Schiedsrichtern und den Fans bedanken, die das Spiel unterst\u00fctzt und zu einer gro\u00dfartigen Atmosph\u00e4re in der Tannenplatzhalle beigetragen haben. Eure Unterst\u00fctzung war f\u00fcr uns von unsch\u00e4tzbarem Wert.<\/p>\n\n\n\n<p>Zum Schluss m\u00f6chten wir dem verletzten Spieler aus Feldkirch alles Gute und eine rasche Genesung w\u00fcnschen. Sport verbindet uns, und wir hoffen, dass er bald wieder auf dem Spielfeld stehen kann.<\/p>\n\n\n\n<p>Insgesamt war das heutige Handballspiel ein aufregendes Ereignis, das von Teamgeist und Leidenschaft gepr\u00e4gt war. Wir sind stolz auf die Leistung unserer Mannschaft und freuen uns auf weitere erfolgreiche Spiele in der Zukunft.<\/p>\n\n\n\n<figure class=\"wp-block-video\"><video controls src=\"https:\/\/www.handball-ulm.de\/wp-content\/uploads\/2023\/09\/M\u00e41_Feldkirch.mp4\"><\/video><\/figure>\n","protected":false},"excerpt":{"rendered":"<p>Es sah nach Spannung aus<\/p>\n<br\/><br\/><a class=\"read-more\" href=\"https:\/\/www.handball-ulm.de\/?p=14114\"> Mehr lesen...<\/a>","protected":false},"author":10,"featured_media":14116,"comment_status":"closed","ping_status":"closed","sticky":false,"template":"","format":"standard","meta":{"ngg_post_thumbnail":0,"footnotes":""},"categories":[85,11,63],"tags":[],"_links":{"self":[{"href":"https:\/\/www.handball-ulm.de\/index.php?rest_route=\/wp\/v2\/posts\/14114"}],"collection":[{"href":"https:\/\/www.handball-ulm.de\/index.php?rest_route=\/wp\/v2\/posts"}],"about":[{"href":"https:\/\/www.handball-ulm.de\/index.php?rest_route=\/wp\/v2\/types\/post"}],"author":[{"embeddable":true,"href":"https:\/\/www.handball-ulm.de\/index.php?rest_route=\/wp\/v2\/users\/10"}],"replies":[{"embeddable":true,"href":"https:\/\/www.handball-ulm.de\/index.php?rest_route=%2Fwp%2Fv2%2Fcomments&post=14114"}],"version-history":[{"count":2,"href":"https:\/\/www.handball-ulm.de\/index.php?rest_route=\/wp\/v2\/posts\/14114\/revisions"}],"predecessor-version":[{"id":14133,"href":"https:\/\/www.handball-ulm.de\/index.php?rest_route=\/wp\/v2\/posts\/14114\/revisions\/14133"}],"wp:featuredmedia":[{"embeddable":true,"href":"https:\/\/www.handball-ulm.de\/index.php?rest_route=\/wp\/v2\/media\/14116"}],"wp:attachment":[{"href":"https:\/\/www.handball-ulm.de\/index.php?rest_route=%2Fwp%2Fv2%2Fmedia&parent=14114"}],"wp:term":[{"taxonomy":"category","embeddable":true,"href":"https:\/\/www.handball-ulm.de\/index.php?rest_route=%2Fwp%2Fv2%2Fcategories&post=14114"},{"taxonomy":"post_tag","embeddable":true,"href":"https:\/\/www.handball-ulm.de\/index.php?rest_route=%2Fwp%2Fv2%2Ftags&post=14114"}],"curies":[{"name":"wp","href":"https:\/\/api.w.org\/{rel}","templated":true}]}}