{"id":14057,"date":"2023-09-16T19:36:00","date_gmt":"2023-09-16T17:36:00","guid":{"rendered":"https:\/\/www.handball-ulm.de\/?p=14057"},"modified":"2023-09-19T21:14:30","modified_gmt":"2023-09-19T19:14:30","slug":"startspiel-maennlich-c2","status":"publish","type":"post","link":"https:\/\/www.handball-ulm.de\/?p=14057","title":{"rendered":"Startspiel m\u00e4nnlich C2"},"content":{"rendered":"\n<figure class=\"wp-block-image size-large\"><img loading=\"lazy\" decoding=\"async\" width=\"1024\" height=\"768\" src=\"https:\/\/www.handball-ulm.de\/wp-content\/uploads\/2023\/09\/20230916mC2.-1024x768.jpg\" alt=\"\" class=\"wp-image-14058\" srcset=\"https:\/\/www.handball-ulm.de\/wp-content\/uploads\/2023\/09\/20230916mC2.-1024x768.jpg 1024w, https:\/\/www.handball-ulm.de\/wp-content\/uploads\/2023\/09\/20230916mC2.-300x225.jpg 300w, https:\/\/www.handball-ulm.de\/wp-content\/uploads\/2023\/09\/20230916mC2.-768x576.jpg 768w, https:\/\/www.handball-ulm.de\/wp-content\/uploads\/2023\/09\/20230916mC2.-1536x1152.jpg 1536w, https:\/\/www.handball-ulm.de\/wp-content\/uploads\/2023\/09\/20230916mC2.-1170x878.jpg 1170w, https:\/\/www.handball-ulm.de\/wp-content\/uploads\/2023\/09\/20230916mC2..jpg 2048w\" sizes=\"(max-width: 1024px) 100vw, 1024px\" \/><\/figure>\n\n\n\n<p>Das erste Spiel der neuen Saison. Auf geht`s nach Hard in \u00d6sterreich.<br>Die Anfahrt war ziemlich lange, \u00fcber eine Stunde waren wir unterwegs. Die Halle des HC Hard ist riesengro\u00df und gef\u00e4llt uns gut. Der Boden ist richtig weich und angenehm zu laufen. Unsere Gegner machten sich schon warm, als wir kamen. Sie spielen mit Harz. Da m\u00fcssen wir uns sehr gut einpassen. Der Schiri kam sp\u00e4t, er stand im Stau.<br>Das Spiel startete p\u00fcnkltich. Wir haben Tore gemacht. Wir haben Tore gekriegt. Aber wir haben von Anfang an gef\u00fchrt. Die Nummer 5 von Hard konnten wir nicht so richtig stoppen. Er warf 10 Tore. <br>Unser Lennert traf immer wieder von au\u00dfen und sp\u00e4ter war Sasha pl\u00f6tzlich on fire. Mit seinen langen Armen holte er sich immer wieder die B\u00e4lle oder st\u00f6rte die Gegner. Lenny, unser Torwart l\u00e4sst&nbsp;nichts&nbsp;rein in sein Tor. Er ahnte relativ bald, wohin die Jungs von Hard werfen wollten. Jeder von uns hat getroffen. Nur die 7m bekamen wir gar nicht ins Tor. Viermal verworfen. auch sonst war unsere Quote verbesserungsw\u00fcrdig. <br>Jedenfalls haben wir gewonnen. Unsere Trainerin war ziemlich zufrieden.<\/p>\n\n\n\n<p>Wir danken der Mannschaft von Hard f\u00fcr das faire Spiel. Dem Schiri f\u00fcr seine Zeit und unseren Eltern f\u00fcr das Fahren.<\/p>\n\n\n\n<p>Fotos zu diesem Spiel in der <code><a rel=\"noreferrer noopener\" href=\"https:\/\/www.handball-ulm.de\/index.php\/nggallery\/alles\/maennlich-c2-in-hard-16-09-2023?page_id=91\" target=\"_blank\">Galerie<\/a><\/code> Vielen Dank an Robert Moll<\/p>\n","protected":false},"excerpt":{"rendered":"<p>Das erste Spiel der neuen Saison. Auf geht`s nach Hard in \u00d6sterreich.Die Anfahrt war ziemlich lange, \u00fcber eine Stunde waren wir unterwegs. Die Halle des HC Hard ist riesengro\u00df und gef\u00e4llt uns gut. Der Boden ist richtig weich und angenehm zu laufen. Unsere Gegner machten sich schon warm, als wir kamen. Sie spielen mit Harz. [&hellip;]<\/p>\n<br\/><br\/><a class=\"read-more\" href=\"https:\/\/www.handball-ulm.de\/?p=14057\"> Mehr lesen...<\/a>","protected":false},"author":10,"featured_media":14058,"comment_status":"closed","ping_status":"closed","sticky":false,"template":"","format":"standard","meta":{"ngg_post_thumbnail":0,"footnotes":""},"categories":[85,76,63],"tags":[],"_links":{"self":[{"href":"https:\/\/www.handball-ulm.de\/index.php?rest_route=\/wp\/v2\/posts\/14057"}],"collection":[{"href":"https:\/\/www.handball-ulm.de\/index.php?rest_route=\/wp\/v2\/posts"}],"about":[{"href":"https:\/\/www.handball-ulm.de\/index.php?rest_route=\/wp\/v2\/types\/post"}],"author":[{"embeddable":true,"href":"https:\/\/www.handball-ulm.de\/index.php?rest_route=\/wp\/v2\/users\/10"}],"replies":[{"embeddable":true,"href":"https:\/\/www.handball-ulm.de\/index.php?rest_route=%2Fwp%2Fv2%2Fcomments&post=14057"}],"version-history":[{"count":2,"href":"https:\/\/www.handball-ulm.de\/index.php?rest_route=\/wp\/v2\/posts\/14057\/revisions"}],"predecessor-version":[{"id":14106,"href":"https:\/\/www.handball-ulm.de\/index.php?rest_route=\/wp\/v2\/posts\/14057\/revisions\/14106"}],"wp:featuredmedia":[{"embeddable":true,"href":"https:\/\/www.handball-ulm.de\/index.php?rest_route=\/wp\/v2\/media\/14058"}],"wp:attachment":[{"href":"https:\/\/www.handball-ulm.de\/index.php?rest_route=%2Fwp%2Fv2%2Fmedia&parent=14057"}],"wp:term":[{"taxonomy":"category","embeddable":true,"href":"https:\/\/www.handball-ulm.de\/index.php?rest_route=%2Fwp%2Fv2%2Fcategories&post=14057"},{"taxonomy":"post_tag","embeddable":true,"href":"https:\/\/www.handball-ulm.de\/index.php?rest_route=%2Fwp%2Fv2%2Ftags&post=14057"}],"curies":[{"name":"wp","href":"https:\/\/api.w.org\/{rel}","templated":true}]}}