{"id":1361,"date":"2019-07-14T21:44:17","date_gmt":"2019-07-14T19:44:17","guid":{"rendered":"https:\/\/www.handball-ulm.de\/?p=1361"},"modified":"2020-05-11T23:17:42","modified_gmt":"2020-05-11T21:17:42","slug":"auf-zu-den-tussies","status":"publish","type":"post","link":"https:\/\/www.handball-ulm.de\/?p=1361","title":{"rendered":"Auf zu den Tussies"},"content":{"rendered":"\n<p>Bundesligaluft schnuppern, hie\u00df es am 07.07.2019 f\u00fcr die\nM\u00e4dchen der weiblichen D-Jugend.<\/p>\n\n\n\n<p>Wir hatten eine Einladung zum Sommerfest der Tussies Metzingen, drittplatzierter Verein der Frauenhandball-Bundesliga.<\/p>\n\n\n\n<p>\u00dcber eine Stunde fuhren wir und standen sogar ein bisschen\nim Stau. Das machte uns aber nichts aus. Wir sangen einfach coole Lieder mit\nund tanzten im Sitzen. <\/p>\n\n\n\n<p>Dann waren wir da. Der Verein, der sich \u201epink\u201c auf die Fahne\nschreibt, erwartet uns schon. Kennengelernt haben wir die M\u00e4dchen beim Turnier\nin Dettingen, wo wir als Sieger von der Platte gingen.<\/p>\n\n\n\n<p>Das Sommerfest dient den Tussis als Vorstellung all ihrer\nMannschaften. Jede Spielerin wird mit Namen aufgerufen. Das ist ziemlich cool.<\/p>\n\n\n\n<figure class=\"wp-block-image\"><img loading=\"lazy\" decoding=\"async\" width=\"1024\" height=\"633\" src=\"https:\/\/www.handball-ulm.de\/wp-content\/uploads\/2019\/07\/IMG-20190707-WA0016680-1024x633.jpeg\" alt=\"\" class=\"wp-image-1362\" srcset=\"https:\/\/www.handball-ulm.de\/wp-content\/uploads\/2019\/07\/IMG-20190707-WA0016680-1024x633.jpeg 1024w, https:\/\/www.handball-ulm.de\/wp-content\/uploads\/2019\/07\/IMG-20190707-WA0016680-300x186.jpeg 300w, https:\/\/www.handball-ulm.de\/wp-content\/uploads\/2019\/07\/IMG-20190707-WA0016680-768x475.jpeg 768w\" sizes=\"(max-width: 1024px) 100vw, 1024px\" \/><\/figure>\n\n\n\n<p>Leider gab es f\u00fcr uns nur ein Spiel. Das war f\u00fcr die lange\nAnreise etwas wenig. Wir gewannen wieder. Unsere Trainer Andi und Pauli sagen,\ndass sie zufrieden sind. Saskia hielt im Spiel sogar einen 7m. Ihr Herz schlug\nnoch lange nach Abpfiff. Sie mag 7m. Wir h\u00e4tten uns einen deutlicheren Sieg\ngew\u00fcnscht. <\/p>\n\n\n\n<p>Nach unserem Spiel feuerten wir die weibliche C-Jugend von\nuns an. Sie durften 2x 15 min spielen. Wir waren die lautesten Fans.<\/p>\n\n\n\n<p>Als der Abpfiff kam, schauten wir uns im Gel\u00e4nde um. Es gab\nH\u00fcpfburgen und Lasergewehre und ganz viel zu essen. Drau\u00dfen war es besser als\nin der Halle. Sie ist einfach zu warm.<\/p>\n\n\n\n<p>Luisa, Sanne, Saskia,&nbsp;\nLeonie, Franziska, Carlotta, Isabell und Pennie<\/p>\n","protected":false},"excerpt":{"rendered":"<p>Bundesligaluft schnuppern, hie\u00df es am 07.07.2019 f\u00fcr die M\u00e4dchen der weiblichen D-Jugend. Wir hatten eine Einladung zum Sommerfest der Tussies Metzingen, drittplatzierter Verein der Frauenhandball-Bundesliga. \u00dcber eine Stunde fuhren wir und standen sogar ein bisschen im Stau. Das machte uns aber nichts aus. Wir sangen einfach coole Lieder mit und tanzten im Sitzen. Dann waren [&hellip;]<\/p>\n<br\/><br\/><a class=\"read-more\" href=\"https:\/\/www.handball-ulm.de\/?p=1361\"> Mehr lesen...<\/a>","protected":false},"author":3,"featured_media":0,"comment_status":"closed","ping_status":"closed","sticky":false,"template":"","format":"standard","meta":{"ngg_post_thumbnail":0,"footnotes":""},"categories":[66,10,63,21],"tags":[],"_links":{"self":[{"href":"https:\/\/www.handball-ulm.de\/index.php?rest_route=\/wp\/v2\/posts\/1361"}],"collection":[{"href":"https:\/\/www.handball-ulm.de\/index.php?rest_route=\/wp\/v2\/posts"}],"about":[{"href":"https:\/\/www.handball-ulm.de\/index.php?rest_route=\/wp\/v2\/types\/post"}],"author":[{"embeddable":true,"href":"https:\/\/www.handball-ulm.de\/index.php?rest_route=\/wp\/v2\/users\/3"}],"replies":[{"embeddable":true,"href":"https:\/\/www.handball-ulm.de\/index.php?rest_route=%2Fwp%2Fv2%2Fcomments&post=1361"}],"version-history":[{"count":1,"href":"https:\/\/www.handball-ulm.de\/index.php?rest_route=\/wp\/v2\/posts\/1361\/revisions"}],"predecessor-version":[{"id":1363,"href":"https:\/\/www.handball-ulm.de\/index.php?rest_route=\/wp\/v2\/posts\/1361\/revisions\/1363"}],"wp:attachment":[{"href":"https:\/\/www.handball-ulm.de\/index.php?rest_route=%2Fwp%2Fv2%2Fmedia&parent=1361"}],"wp:term":[{"taxonomy":"category","embeddable":true,"href":"https:\/\/www.handball-ulm.de\/index.php?rest_route=%2Fwp%2Fv2%2Fcategories&post=1361"},{"taxonomy":"post_tag","embeddable":true,"href":"https:\/\/www.handball-ulm.de\/index.php?rest_route=%2Fwp%2Fv2%2Ftags&post=1361"}],"curies":[{"name":"wp","href":"https:\/\/api.w.org\/{rel}","templated":true}]}}