{"id":13213,"date":"2023-07-16T17:18:04","date_gmt":"2023-07-16T15:18:04","guid":{"rendered":"https:\/\/www.handball-ulm.de\/?p=13213"},"modified":"2023-07-16T17:19:24","modified_gmt":"2023-07-16T15:19:24","slug":"kleines-wiedersehen","status":"publish","type":"post","link":"https:\/\/www.handball-ulm.de\/?p=13213","title":{"rendered":"Kleines Wiedersehen"},"content":{"rendered":"\n<p>F\u00fcnf Trainer, die gemeinsam die C-Lizenz bestanden, kamen auf die Idee, gegeneinander ein kleines Turnier zu veranstalten.<\/p>\n\n\n\n<figure class=\"wp-block-image size-large\"><img loading=\"lazy\" decoding=\"async\" width=\"1024\" height=\"750\" src=\"https:\/\/www.handball-ulm.de\/wp-content\/uploads\/2023\/07\/20230716_134433-1024x750.jpg\" alt=\"\" class=\"wp-image-13216\" srcset=\"https:\/\/www.handball-ulm.de\/wp-content\/uploads\/2023\/07\/20230716_134433-1024x750.jpg 1024w, https:\/\/www.handball-ulm.de\/wp-content\/uploads\/2023\/07\/20230716_134433-300x220.jpg 300w, https:\/\/www.handball-ulm.de\/wp-content\/uploads\/2023\/07\/20230716_134433-768x563.jpg 768w, https:\/\/www.handball-ulm.de\/wp-content\/uploads\/2023\/07\/20230716_134433-1536x1125.jpg 1536w, https:\/\/www.handball-ulm.de\/wp-content\/uploads\/2023\/07\/20230716_134433-2048x1500.jpg 2048w, https:\/\/www.handball-ulm.de\/wp-content\/uploads\/2023\/07\/20230716_134433-1170x857.jpg 1170w\" sizes=\"(max-width: 1024px) 100vw, 1024px\" \/><\/figure>\n\n\n\n<p>So reisten am 16.07.2023 die m\u00e4nnlichen B-Jugenden von Ulm, Neckartenzlingen, Team Stuttgart, Ravensburg und Schnaitheim an und spielten in der Tannenplatzhalle.<\/p>\n\n\n\n<p>Es ging um den freundschaftlichen Charakter und ein Sondieren f\u00fcr die n\u00e4chste Saison und im Vordergrund stand der Spa\u00df f\u00fcr alle Beteiligten.<br>Alle Mannschaften waren vom Niveau relativ ausgeglichen.<\/p>\n\n\n\n<p>Die Schiedsrichter Manu und Felix und Andi gaben ihr Bestes.<br>Klumpi stellte aus dem Nichts wie immer in hoher Qualit\u00e4t die Bewirtung auf die Beine und hatte dabei Unterst\u00fctzung von der m\u00e4nnlichen C-Jugend.<br>Die Jugendsprecher nutzten die Gelegenheit und verkauften wieder Waffeln f\u00fcr unser Lundkonto. Klumpi musste sogar mit zwei Sch\u00fcsseln Teig f\u00fcr Nachschub sorgen.<\/p>\n\n\n\n<p>Ein besonderer Dank geht heute raus an den besonderen Osman, der Mann f\u00fcr alle F\u00e4lle. Nicht nur, dass er die vergessenen Trikots holte, er holte auch den schlafenden Captain aus dem Bett.<\/p>\n\n\n\n<p>Insgesamt ein gelungenes Turnier. Alle waren sehr zufrieden.<\/p>\n\n\n\n<figure class=\"wp-block-gallery columns-1 is-cropped wp-block-gallery-1 is-layout-flex wp-block-gallery-is-layout-flex\"><ul class=\"blocks-gallery-grid\"><li class=\"blocks-gallery-item\"><figure><img loading=\"lazy\" decoding=\"async\" width=\"1024\" height=\"768\" src=\"https:\/\/www.handball-ulm.de\/wp-content\/uploads\/2023\/07\/20230716_124852-1024x768.jpg\" alt=\"\" data-id=\"13215\" data-link=\"https:\/\/www.handball-ulm.de\/?attachment_id=13215\" class=\"wp-image-13215\" srcset=\"https:\/\/www.handball-ulm.de\/wp-content\/uploads\/2023\/07\/20230716_124852-1024x768.jpg 1024w, https:\/\/www.handball-ulm.de\/wp-content\/uploads\/2023\/07\/20230716_124852-300x225.jpg 300w, https:\/\/www.handball-ulm.de\/wp-content\/uploads\/2023\/07\/20230716_124852-768x576.jpg 768w, https:\/\/www.handball-ulm.de\/wp-content\/uploads\/2023\/07\/20230716_124852-1536x1152.jpg 1536w, https:\/\/www.handball-ulm.de\/wp-content\/uploads\/2023\/07\/20230716_124852-2048x1536.jpg 2048w, https:\/\/www.handball-ulm.de\/wp-content\/uploads\/2023\/07\/20230716_124852-1170x878.jpg 1170w\" sizes=\"(max-width: 1024px) 100vw, 1024px\" \/><\/figure><\/li><li class=\"blocks-gallery-item\"><figure><img loading=\"lazy\" decoding=\"async\" width=\"1024\" height=\"468\" src=\"https:\/\/www.handball-ulm.de\/wp-content\/uploads\/2023\/07\/20230716_134326-1024x468.jpg\" alt=\"\" data-id=\"13217\" data-full-url=\"https:\/\/www.handball-ulm.de\/wp-content\/uploads\/2023\/07\/20230716_134326-scaled.jpg\" data-link=\"https:\/\/www.handball-ulm.de\/?attachment_id=13217\" class=\"wp-image-13217\" srcset=\"https:\/\/www.handball-ulm.de\/wp-content\/uploads\/2023\/07\/20230716_134326-1024x468.jpg 1024w, https:\/\/www.handball-ulm.de\/wp-content\/uploads\/2023\/07\/20230716_134326-300x137.jpg 300w, https:\/\/www.handball-ulm.de\/wp-content\/uploads\/2023\/07\/20230716_134326-768x351.jpg 768w, https:\/\/www.handball-ulm.de\/wp-content\/uploads\/2023\/07\/20230716_134326-1536x703.jpg 1536w, https:\/\/www.handball-ulm.de\/wp-content\/uploads\/2023\/07\/20230716_134326-2048x937.jpg 2048w, https:\/\/www.handball-ulm.de\/wp-content\/uploads\/2023\/07\/20230716_134326-1170x535.jpg 1170w\" sizes=\"(max-width: 1024px) 100vw, 1024px\" \/><\/figure><\/li><li class=\"blocks-gallery-item\"><figure><img loading=\"lazy\" decoding=\"async\" width=\"1024\" height=\"569\" src=\"https:\/\/www.handball-ulm.de\/wp-content\/uploads\/2023\/07\/20230716_134418-1024x569.jpg\" alt=\"\" data-id=\"13218\" data-full-url=\"https:\/\/www.handball-ulm.de\/wp-content\/uploads\/2023\/07\/20230716_134418-scaled.jpg\" data-link=\"https:\/\/www.handball-ulm.de\/?attachment_id=13218\" class=\"wp-image-13218\" srcset=\"https:\/\/www.handball-ulm.de\/wp-content\/uploads\/2023\/07\/20230716_134418-1024x569.jpg 1024w, https:\/\/www.handball-ulm.de\/wp-content\/uploads\/2023\/07\/20230716_134418-300x167.jpg 300w, https:\/\/www.handball-ulm.de\/wp-content\/uploads\/2023\/07\/20230716_134418-768x426.jpg 768w, https:\/\/www.handball-ulm.de\/wp-content\/uploads\/2023\/07\/20230716_134418-1536x853.jpg 1536w, https:\/\/www.handball-ulm.de\/wp-content\/uploads\/2023\/07\/20230716_134418-2048x1137.jpg 2048w, https:\/\/www.handball-ulm.de\/wp-content\/uploads\/2023\/07\/20230716_134418-1170x650.jpg 1170w\" sizes=\"(max-width: 1024px) 100vw, 1024px\" \/><\/figure><\/li><\/ul><\/figure>\n\n\n\n<figure class=\"wp-block-video\"><video controls src=\"https:\/\/www.handball-ulm.de\/wp-content\/uploads\/2023\/07\/20230716_mB_Turnier.mp4\"><\/video><\/figure>\n","protected":false},"excerpt":{"rendered":"<p>Ein entspannter Sonntag f\u00fcr die mB<\/p>\n<br\/><br\/><a class=\"read-more\" href=\"https:\/\/www.handball-ulm.de\/?p=13213\"> Mehr lesen...<\/a>","protected":false},"author":10,"featured_media":13217,"comment_status":"closed","ping_status":"closed","sticky":false,"template":"","format":"standard","meta":{"ngg_post_thumbnail":0,"footnotes":""},"categories":[85,17,63],"tags":[],"_links":{"self":[{"href":"https:\/\/www.handball-ulm.de\/index.php?rest_route=\/wp\/v2\/posts\/13213"}],"collection":[{"href":"https:\/\/www.handball-ulm.de\/index.php?rest_route=\/wp\/v2\/posts"}],"about":[{"href":"https:\/\/www.handball-ulm.de\/index.php?rest_route=\/wp\/v2\/types\/post"}],"author":[{"embeddable":true,"href":"https:\/\/www.handball-ulm.de\/index.php?rest_route=\/wp\/v2\/users\/10"}],"replies":[{"embeddable":true,"href":"https:\/\/www.handball-ulm.de\/index.php?rest_route=%2Fwp%2Fv2%2Fcomments&post=13213"}],"version-history":[{"count":2,"href":"https:\/\/www.handball-ulm.de\/index.php?rest_route=\/wp\/v2\/posts\/13213\/revisions"}],"predecessor-version":[{"id":13221,"href":"https:\/\/www.handball-ulm.de\/index.php?rest_route=\/wp\/v2\/posts\/13213\/revisions\/13221"}],"wp:featuredmedia":[{"embeddable":true,"href":"https:\/\/www.handball-ulm.de\/index.php?rest_route=\/wp\/v2\/media\/13217"}],"wp:attachment":[{"href":"https:\/\/www.handball-ulm.de\/index.php?rest_route=%2Fwp%2Fv2%2Fmedia&parent=13213"}],"wp:term":[{"taxonomy":"category","embeddable":true,"href":"https:\/\/www.handball-ulm.de\/index.php?rest_route=%2Fwp%2Fv2%2Fcategories&post=13213"},{"taxonomy":"post_tag","embeddable":true,"href":"https:\/\/www.handball-ulm.de\/index.php?rest_route=%2Fwp%2Fv2%2Ftags&post=13213"}],"curies":[{"name":"wp","href":"https:\/\/api.w.org\/{rel}","templated":true}]}}