{"id":12693,"date":"2023-04-22T16:31:00","date_gmt":"2023-04-22T14:31:00","guid":{"rendered":"https:\/\/www.handball-ulm.de\/?p=12693"},"modified":"2023-04-24T16:39:51","modified_gmt":"2023-04-24T14:39:51","slug":"maenner1-gegen-hohenems","status":"publish","type":"post","link":"https:\/\/www.handball-ulm.de\/?p=12693","title":{"rendered":"M\u00e4nner1 &#8211; gegen Hohenems"},"content":{"rendered":"\n<figure class=\"wp-block-image size-large\"><img loading=\"lazy\" decoding=\"async\" width=\"1024\" height=\"683\" src=\"https:\/\/www.handball-ulm.de\/wp-content\/uploads\/2023\/04\/6H0A9125-1024x683.jpg\" alt=\"\" class=\"wp-image-12695\" srcset=\"https:\/\/www.handball-ulm.de\/wp-content\/uploads\/2023\/04\/6H0A9125-1024x683.jpg 1024w, https:\/\/www.handball-ulm.de\/wp-content\/uploads\/2023\/04\/6H0A9125-300x200.jpg 300w, https:\/\/www.handball-ulm.de\/wp-content\/uploads\/2023\/04\/6H0A9125-768x512.jpg 768w, https:\/\/www.handball-ulm.de\/wp-content\/uploads\/2023\/04\/6H0A9125-600x400.jpg 600w, https:\/\/www.handball-ulm.de\/wp-content\/uploads\/2023\/04\/6H0A9125-1536x1024.jpg 1536w, https:\/\/www.handball-ulm.de\/wp-content\/uploads\/2023\/04\/6H0A9125-1170x780.jpg 1170w, https:\/\/www.handball-ulm.de\/wp-content\/uploads\/2023\/04\/6H0A9125.jpg 1800w\" sizes=\"(max-width: 1024px) 100vw, 1024px\" \/><\/figure>\n\n\n\n<p>Am Samstagabend, 22.04.2023 begr\u00fc\u00dften wir den Tabellenersten <a href=\"https:\/\/www.instagram.com\/hchohenems_official\/\">@hchohenems_official<\/a> in unserer Tannenplatzhalle.<br><br>Von Anfang an best\u00e4tigten die G\u00e4ste aus \u00d6sterreich ihre klare Favoritenrolle. Die Ulmer versuchten ihn ihr Handballspiel zu kommen, aber scheiterten immer wieder an dem starken Gegner.<br><br>Gl\u00fcckwunsch zum verdienten Sieg an die <a href=\"https:\/\/www.instagram.com\/hchohenems_official\/\">@hchohenems_official<\/a> und zum Aufstieg in die h\u00f6here Liga<br><br>Unsere M\u00e4nner schlie\u00dfen die Saison auf einem guten Platz im Mittelfeld ab \ud83d\udcaf.<br><\/p>\n\n\n\n<figure class=\"wp-block-image size-large\"><img loading=\"lazy\" decoding=\"async\" width=\"1024\" height=\"683\" src=\"https:\/\/www.handball-ulm.de\/wp-content\/uploads\/2023\/04\/6H0A9053-1024x683.jpg\" alt=\"\" class=\"wp-image-12694\" srcset=\"https:\/\/www.handball-ulm.de\/wp-content\/uploads\/2023\/04\/6H0A9053-1024x683.jpg 1024w, https:\/\/www.handball-ulm.de\/wp-content\/uploads\/2023\/04\/6H0A9053-300x200.jpg 300w, https:\/\/www.handball-ulm.de\/wp-content\/uploads\/2023\/04\/6H0A9053-768x512.jpg 768w, https:\/\/www.handball-ulm.de\/wp-content\/uploads\/2023\/04\/6H0A9053-600x400.jpg 600w, https:\/\/www.handball-ulm.de\/wp-content\/uploads\/2023\/04\/6H0A9053-1536x1024.jpg 1536w, https:\/\/www.handball-ulm.de\/wp-content\/uploads\/2023\/04\/6H0A9053-1170x780.jpg 1170w, https:\/\/www.handball-ulm.de\/wp-content\/uploads\/2023\/04\/6H0A9053.jpg 1800w\" sizes=\"(max-width: 1024px) 100vw, 1024px\" \/><\/figure>\n\n\n\n<p>weitere <code><a rel=\"noreferrer noopener\" href=\"https:\/\/www.handball-ulm.de\/index.php\/nggallery\/alles\/spieltag-maenner-1-sgu-hc-hohenems-22-04-23?page_id=91\" target=\"_blank\">Fotos<\/a><\/code><br>\ud83d\udcf8<a href=\"https:\/\/www.instagram.com\/simonreitzphotography\/\">@simonreitzphotography<\/a><\/p>\n","protected":false},"excerpt":{"rendered":"<p>Deutliche Niederlage gegen den Aufsteiger<\/p>\n<br\/><br\/><a class=\"read-more\" href=\"https:\/\/www.handball-ulm.de\/?p=12693\"> Mehr lesen...<\/a>","protected":false},"author":10,"featured_media":12696,"comment_status":"closed","ping_status":"closed","sticky":false,"template":"","format":"standard","meta":{"ngg_post_thumbnail":0,"footnotes":""},"categories":[80,11,63],"tags":[],"_links":{"self":[{"href":"https:\/\/www.handball-ulm.de\/index.php?rest_route=\/wp\/v2\/posts\/12693"}],"collection":[{"href":"https:\/\/www.handball-ulm.de\/index.php?rest_route=\/wp\/v2\/posts"}],"about":[{"href":"https:\/\/www.handball-ulm.de\/index.php?rest_route=\/wp\/v2\/types\/post"}],"author":[{"embeddable":true,"href":"https:\/\/www.handball-ulm.de\/index.php?rest_route=\/wp\/v2\/users\/10"}],"replies":[{"embeddable":true,"href":"https:\/\/www.handball-ulm.de\/index.php?rest_route=%2Fwp%2Fv2%2Fcomments&post=12693"}],"version-history":[{"count":2,"href":"https:\/\/www.handball-ulm.de\/index.php?rest_route=\/wp\/v2\/posts\/12693\/revisions"}],"predecessor-version":[{"id":12698,"href":"https:\/\/www.handball-ulm.de\/index.php?rest_route=\/wp\/v2\/posts\/12693\/revisions\/12698"}],"wp:featuredmedia":[{"embeddable":true,"href":"https:\/\/www.handball-ulm.de\/index.php?rest_route=\/wp\/v2\/media\/12696"}],"wp:attachment":[{"href":"https:\/\/www.handball-ulm.de\/index.php?rest_route=%2Fwp%2Fv2%2Fmedia&parent=12693"}],"wp:term":[{"taxonomy":"category","embeddable":true,"href":"https:\/\/www.handball-ulm.de\/index.php?rest_route=%2Fwp%2Fv2%2Fcategories&post=12693"},{"taxonomy":"post_tag","embeddable":true,"href":"https:\/\/www.handball-ulm.de\/index.php?rest_route=%2Fwp%2Fv2%2Ftags&post=12693"}],"curies":[{"name":"wp","href":"https:\/\/api.w.org\/{rel}","templated":true}]}}