{"id":12691,"date":"2023-04-15T22:22:00","date_gmt":"2023-04-15T20:22:00","guid":{"rendered":"https:\/\/www.handball-ulm.de\/?p=12691"},"modified":"2023-04-24T16:29:20","modified_gmt":"2023-04-24T14:29:20","slug":"maenner1-spielbericht-gegen-bw-feldkirch","status":"publish","type":"post","link":"https:\/\/www.handball-ulm.de\/?p=12691","title":{"rendered":"M\u00e4nner1 &#8211; Spielbericht gegen BW Feldkirch"},"content":{"rendered":"\n<p>Am Samstag, dem 15.04.2023 ging es f\u00fcr die Ulmer Herren 1 ein letztes Mal zum Ausw\u00e4rtsspiel. Und das auch noch bis ans letzte Eck des Bezirkes, n\u00e4mlich nach Feldkirch.<br>20:00 Uhr Anpfiff. Noch zu Beginn konnten unsere Ulmer gut mit der Heimmannschaft mithalten. Doch nach und nach gerieten die Herren immer weiter in R\u00fcckstand.<br>Selbst zur zweiten Halbzeit konnte die Mannschaft das Spiel nicht f\u00fcr sich gewinnen. Gerade der Feldkircher Petar Roganovic (18) war mit seinen 11 Toren ein Dorn im Auge der SG.<br>Alles in allem spielten unsere Ulmer ein gutes Spiel. Ein gutes Abwehrverhalten und ein starker Angriff pr\u00e4gten das Spiel. Torh\u00fcter Noah Cremer (12) konnte zwei von f\u00fcnf 7-Meter f\u00fcr sich gewinnen. Jedoch muss auch einfach gesagt sein, dass die Gegner des BW Feldkirch schlichtweg besser waren und das Spiel verdient gewonnen haben.<br>Wir freuen uns schon darauf, die Spiele n\u00e4chste Saison f\u00fcr uns zu entscheiden. : )<br>Da das Spiel zu sp\u00e4ter Stunde stattfand, war bereits im Vorhinein der Plan, direkt in Feldkirch zu bleiben und ein wenig die Stadt unsicher zu machen.<br><br>Na dann prost auf eine kunter&#8220;bunt&#8220;e Nacht.<\/p>\n","protected":false},"excerpt":{"rendered":"<p>Am Samstag, dem 15.04.2023 ging es f\u00fcr die Ulmer Herren 1 ein letztes Mal zum Ausw\u00e4rtsspiel. Und das auch noch bis ans letzte Eck des Bezirkes, n\u00e4mlich nach Feldkirch.20:00 Uhr Anpfiff. Noch zu Beginn konnten unsere Ulmer gut mit der Heimmannschaft mithalten. Doch nach und nach gerieten die Herren immer weiter in R\u00fcckstand.Selbst zur zweiten [&hellip;]<\/p>\n<br\/><br\/><a class=\"read-more\" href=\"https:\/\/www.handball-ulm.de\/?p=12691\"> Mehr lesen...<\/a>","protected":false},"author":10,"featured_media":0,"comment_status":"closed","ping_status":"closed","sticky":false,"template":"","format":"standard","meta":{"ngg_post_thumbnail":0,"footnotes":""},"categories":[80,11,63],"tags":[],"_links":{"self":[{"href":"https:\/\/www.handball-ulm.de\/index.php?rest_route=\/wp\/v2\/posts\/12691"}],"collection":[{"href":"https:\/\/www.handball-ulm.de\/index.php?rest_route=\/wp\/v2\/posts"}],"about":[{"href":"https:\/\/www.handball-ulm.de\/index.php?rest_route=\/wp\/v2\/types\/post"}],"author":[{"embeddable":true,"href":"https:\/\/www.handball-ulm.de\/index.php?rest_route=\/wp\/v2\/users\/10"}],"replies":[{"embeddable":true,"href":"https:\/\/www.handball-ulm.de\/index.php?rest_route=%2Fwp%2Fv2%2Fcomments&post=12691"}],"version-history":[{"count":1,"href":"https:\/\/www.handball-ulm.de\/index.php?rest_route=\/wp\/v2\/posts\/12691\/revisions"}],"predecessor-version":[{"id":12692,"href":"https:\/\/www.handball-ulm.de\/index.php?rest_route=\/wp\/v2\/posts\/12691\/revisions\/12692"}],"wp:attachment":[{"href":"https:\/\/www.handball-ulm.de\/index.php?rest_route=%2Fwp%2Fv2%2Fmedia&parent=12691"}],"wp:term":[{"taxonomy":"category","embeddable":true,"href":"https:\/\/www.handball-ulm.de\/index.php?rest_route=%2Fwp%2Fv2%2Fcategories&post=12691"},{"taxonomy":"post_tag","embeddable":true,"href":"https:\/\/www.handball-ulm.de\/index.php?rest_route=%2Fwp%2Fv2%2Ftags&post=12691"}],"curies":[{"name":"wp","href":"https:\/\/api.w.org\/{rel}","templated":true}]}}