{"id":12688,"date":"2023-04-17T16:16:00","date_gmt":"2023-04-17T14:16:00","guid":{"rendered":"https:\/\/www.handball-ulm.de\/?p=12688"},"modified":"2023-04-24T16:22:26","modified_gmt":"2023-04-24T14:22:26","slug":"ein-neuer-jugendleiter-beginnt-seine-arbeit","status":"publish","type":"post","link":"https:\/\/www.handball-ulm.de\/?p=12688","title":{"rendered":"Ein neuer Jugendleiter beginnt seine Arbeit"},"content":{"rendered":"\n<p>Wie im letzten Heft berichtet, wachsen die Mannschaften im Kinderbereich schneller, als wir Hallen bauen k\u00f6nnen. \ud83d\ude09<\/p>\n\n\n\n<p>Deshalb konnten wir einen weiteren Jugendleiter gewinnen, der sich ausschlie\u00dflich um den Mini- und Miniminibereich k\u00fcmmert.<\/p>\n\n\n\n<p>Sein Aufgabengebiet umfasst Minimini- und Minimannschaften in der Weststadt, in der Oststadt und in Wiblingen. Er fungiert als Bindeglied zwischen Jugendleitung und Mannschaften.<br>Osman gibt den Trainern Hilfe bei Nachhaltung der Kinder beim Saisonwechsel, ber\u00e4t, wann sie zum Beispiel Aufnahmestopps setzen m\u00fcssen und ist Ansprechpartner bei koordinativen Fragen.<br>Der Jugendleiter Minis akquiriert neue Trainern und Betreuer. Desweiteren informiert er \u00fcber Spieltage und teilt diese eventuell ein und betreut Eltern bei Fragen zu Details.<br>F\u00fcr diese Aufgaben fanden wir Osman Sancak.<br>Osman war selber jahrelang Spieler in der SG und auch als Trainer aktiv. Mittlerweile spielt sein Sohn sehr erfolgreich in unserer C-Jugend.<br>Wir freuen uns \u00fcber die weitere Unterst\u00fctzung und den neuen Input f\u00fcr unsere Arbeit.<\/p>\n\n\n\n<p>Kontakt: jugendleitungminis@sgulm.de<\/p>\n\n\n\n<figure class=\"wp-block-image size-large\"><img loading=\"lazy\" decoding=\"async\" width=\"401\" height=\"587\" src=\"https:\/\/www.handball-ulm.de\/wp-content\/uploads\/2023\/04\/Neuer_JL.jpeg\" alt=\"\" class=\"wp-image-12689\" srcset=\"https:\/\/www.handball-ulm.de\/wp-content\/uploads\/2023\/04\/Neuer_JL.jpeg 401w, https:\/\/www.handball-ulm.de\/wp-content\/uploads\/2023\/04\/Neuer_JL-205x300.jpeg 205w\" sizes=\"(max-width: 401px) 100vw, 401px\" \/><\/figure>\n","protected":false},"excerpt":{"rendered":"<p>Verst\u00e4rkung in der Jugendleitung<\/p>\n<br\/><br\/><a class=\"read-more\" href=\"https:\/\/www.handball-ulm.de\/?p=12688\"> Mehr lesen...<\/a>","protected":false},"author":10,"featured_media":0,"comment_status":"closed","ping_status":"closed","sticky":false,"template":"","format":"standard","meta":{"ngg_post_thumbnail":0,"footnotes":""},"categories":[80,73,31,82,74,29,30,63],"tags":[],"_links":{"self":[{"href":"https:\/\/www.handball-ulm.de\/index.php?rest_route=\/wp\/v2\/posts\/12688"}],"collection":[{"href":"https:\/\/www.handball-ulm.de\/index.php?rest_route=\/wp\/v2\/posts"}],"about":[{"href":"https:\/\/www.handball-ulm.de\/index.php?rest_route=\/wp\/v2\/types\/post"}],"author":[{"embeddable":true,"href":"https:\/\/www.handball-ulm.de\/index.php?rest_route=\/wp\/v2\/users\/10"}],"replies":[{"embeddable":true,"href":"https:\/\/www.handball-ulm.de\/index.php?rest_route=%2Fwp%2Fv2%2Fcomments&post=12688"}],"version-history":[{"count":1,"href":"https:\/\/www.handball-ulm.de\/index.php?rest_route=\/wp\/v2\/posts\/12688\/revisions"}],"predecessor-version":[{"id":12690,"href":"https:\/\/www.handball-ulm.de\/index.php?rest_route=\/wp\/v2\/posts\/12688\/revisions\/12690"}],"wp:attachment":[{"href":"https:\/\/www.handball-ulm.de\/index.php?rest_route=%2Fwp%2Fv2%2Fmedia&parent=12688"}],"wp:term":[{"taxonomy":"category","embeddable":true,"href":"https:\/\/www.handball-ulm.de\/index.php?rest_route=%2Fwp%2Fv2%2Fcategories&post=12688"},{"taxonomy":"post_tag","embeddable":true,"href":"https:\/\/www.handball-ulm.de\/index.php?rest_route=%2Fwp%2Fv2%2Ftags&post=12688"}],"curies":[{"name":"wp","href":"https:\/\/api.w.org\/{rel}","templated":true}]}}