{"id":1257,"date":"2019-03-31T17:28:01","date_gmt":"2019-03-31T15:28:01","guid":{"rendered":"https:\/\/www.handball-ulm.de\/?p=1257"},"modified":"2020-05-02T21:38:44","modified_gmt":"2020-05-02T19:38:44","slug":"f-jugendspieltag-in-der-tannenplatzhalle-wiblingen","status":"publish","type":"post","link":"https:\/\/www.handball-ulm.de\/?p=1257","title":{"rendered":"F-Jugendspieltag in der Tannenplatzhalle Wiblingen"},"content":{"rendered":"\n<figure class=\"wp-block-image\"><img loading=\"lazy\" decoding=\"async\" width=\"1024\" height=\"437\" src=\"https:\/\/www.handball-ulm.de\/wp-content\/uploads\/2019\/06\/F-JUgend-1024x437.jpg\" alt=\"\" class=\"wp-image-1258\" srcset=\"https:\/\/www.handball-ulm.de\/wp-content\/uploads\/2019\/06\/F-JUgend-1024x437.jpg 1024w, https:\/\/www.handball-ulm.de\/wp-content\/uploads\/2019\/06\/F-JUgend-300x128.jpg 300w, https:\/\/www.handball-ulm.de\/wp-content\/uploads\/2019\/06\/F-JUgend-768x328.jpg 768w, https:\/\/www.handball-ulm.de\/wp-content\/uploads\/2019\/06\/F-JUgend.jpg 1233w\" sizes=\"(max-width: 1024px) 100vw, 1024px\" \/><\/figure>\n\n\n\n<p>Zum Saisonabschluss der F-Jugend fand am\n31.03.2019 ein Spieltag in der Tannenplatzhalle in Wiblingen statt. 3!\nF-Jugendmannschaften unserer eigenen SG und 5 Gastmannschaften reisten mit\nihren Trainern, Eltern, Verwandten und Freunden nach Wiblingen an, so dass sich\ndie Halle als auch die Trib\u00fcne schnell f\u00fcllten. Auf 4 Kleinfeldern zeigten die\nsportbegeisterten 7-8 J\u00e4hrigen ihre handballerischen F\u00e4higkeiten. Im Zusammenspiel\nbeim Handball und Aufsetzerball konnten sich die Kinder mit anderen\nMannschaften messen. In diesen Wettbewerben waren unsere F-Jugendlichen sehr\nerfolgreich.<\/p>\n\n\n\n<p>Ein Parcours bot den kleinen Sportlern\nverschiedene M\u00f6glichkeiten, ihr eigenes K\u00f6nnen vorzuf\u00fchren, und die\nallermeisten Kinder erledigten die \u00dcbungen an den Stationen sehr gut.<\/p>\n\n\n\n<p>Beim Torwurf mit Wurfkraftmesser haben viele\nF-Jugendliche zum ersten Mal ihre Wurfkraft gemessen und sogar Rekorde\naufgestellt. Begehrt war diese Station nicht nur bei unseren Kindern; auch\neinige Trainer und Helfer nutzen die Gelegenheit, ihre Wurfkraft zu messen.<\/p>\n\n\n\n<p>Nach dem gemeinsamen Abschlussspiel wurden\nalle 8 Siegermannschaften mit einer Medaille geehrt und vom Publikum reichlich\nbeklatscht.<\/p>\n\n\n\n<p>Die beeindruckende Kuchenauswahl durch\nSpenden der Eltern als auch der Verkauf von Getr\u00e4nken und weiteren Essen durch\ndie freiwilligen Helfer sorgten w\u00e4hrend des Spieltages f\u00fcr Einnahmen in die Vereinskasse.<\/p>\n\n\n\n<figure class=\"wp-block-image\"><img loading=\"lazy\" decoding=\"async\" width=\"1024\" height=\"498\" src=\"https:\/\/www.handball-ulm.de\/wp-content\/uploads\/2019\/06\/IMG-20190427-WA0006-1024x498.jpg\" alt=\"\" class=\"wp-image-1259\" srcset=\"https:\/\/www.handball-ulm.de\/wp-content\/uploads\/2019\/06\/IMG-20190427-WA0006-1024x498.jpg 1024w, https:\/\/www.handball-ulm.de\/wp-content\/uploads\/2019\/06\/IMG-20190427-WA0006-300x146.jpg 300w, https:\/\/www.handball-ulm.de\/wp-content\/uploads\/2019\/06\/IMG-20190427-WA0006-768x373.jpg 768w, https:\/\/www.handball-ulm.de\/wp-content\/uploads\/2019\/06\/IMG-20190427-WA0006.jpg 1416w\" sizes=\"(max-width: 1024px) 100vw, 1024px\" \/><\/figure>\n\n\n\n<p>Jana Frey<\/p>\n","protected":false},"excerpt":{"rendered":"<p>Zum Saisonabschluss der F-Jugend fand am 31.03.2019 ein Spieltag in der Tannenplatzhalle in Wiblingen statt. 3! F-Jugendmannschaften unserer eigenen SG und 5 Gastmannschaften reisten mit ihren Trainern, Eltern, Verwandten und Freunden nach Wiblingen an, so dass sich die Halle als auch die Trib\u00fcne schnell f\u00fcllten. Auf 4 Kleinfeldern zeigten die sportbegeisterten 7-8 J\u00e4hrigen ihre handballerischen [&hellip;]<\/p>\n<br\/><br\/><a class=\"read-more\" href=\"https:\/\/www.handball-ulm.de\/?p=1257\"> Mehr lesen...<\/a>","protected":false},"author":10,"featured_media":0,"comment_status":"closed","ping_status":"closed","sticky":false,"template":"","format":"standard","meta":{"ngg_post_thumbnail":0,"footnotes":""},"categories":[1,67,27,28],"tags":[],"_links":{"self":[{"href":"https:\/\/www.handball-ulm.de\/index.php?rest_route=\/wp\/v2\/posts\/1257"}],"collection":[{"href":"https:\/\/www.handball-ulm.de\/index.php?rest_route=\/wp\/v2\/posts"}],"about":[{"href":"https:\/\/www.handball-ulm.de\/index.php?rest_route=\/wp\/v2\/types\/post"}],"author":[{"embeddable":true,"href":"https:\/\/www.handball-ulm.de\/index.php?rest_route=\/wp\/v2\/users\/10"}],"replies":[{"embeddable":true,"href":"https:\/\/www.handball-ulm.de\/index.php?rest_route=%2Fwp%2Fv2%2Fcomments&post=1257"}],"version-history":[{"count":1,"href":"https:\/\/www.handball-ulm.de\/index.php?rest_route=\/wp\/v2\/posts\/1257\/revisions"}],"predecessor-version":[{"id":1260,"href":"https:\/\/www.handball-ulm.de\/index.php?rest_route=\/wp\/v2\/posts\/1257\/revisions\/1260"}],"wp:attachment":[{"href":"https:\/\/www.handball-ulm.de\/index.php?rest_route=%2Fwp%2Fv2%2Fmedia&parent=1257"}],"wp:term":[{"taxonomy":"category","embeddable":true,"href":"https:\/\/www.handball-ulm.de\/index.php?rest_route=%2Fwp%2Fv2%2Fcategories&post=1257"},{"taxonomy":"post_tag","embeddable":true,"href":"https:\/\/www.handball-ulm.de\/index.php?rest_route=%2Fwp%2Fv2%2Ftags&post=1257"}],"curies":[{"name":"wp","href":"https:\/\/api.w.org\/{rel}","templated":true}]}}