{"id":12502,"date":"2023-03-11T21:41:00","date_gmt":"2023-03-11T20:41:00","guid":{"rendered":"https:\/\/www.handball-ulm.de\/?p=12502"},"modified":"2023-03-26T21:48:43","modified_gmt":"2023-03-26T19:48:43","slug":"spielbericht-gegen-hsg-friedrichshafen-fischbach","status":"publish","type":"post","link":"https:\/\/www.handball-ulm.de\/?p=12502","title":{"rendered":"Spielbericht gegen HSG Friedrichshafen-Fischbach"},"content":{"rendered":"\n<p>Ach ja, was will man sagen? Naja, den Anfang kennen wir ja mittlerweile. Samstag, 11.03. 2023 20:30Uhr Anpfiff. So weit alles wie immer.<\/p>\n\n\n\n<p>Mittlerweile sind unsere Ulmer in der Tabelle ein gutes St\u00fcck zur\u00fcckgefallen. Langsam wird es Zeit, die Kr\u00e4fte der Ulmer wieder zum Vorschein zu bringen. Jedoch kam keiner der Ulmer Spieler wirklich aus seiner Komfortzone raus. Mit einem stetigen Toraustausch gelang es den Ulmern, sich mindestens bis zur Halbzeit mit 16:15 im Spiel zu halten.<\/p>\n\n\n\n<p>Jedoch schwanden die Kr\u00e4fte in der zweiten Halbzeit von Minute zu Minute. Unseren M\u00e4nnern fehlte der Witz im Spiel und dies nutzen die Gegner aus Friedrichshafen f\u00fcr sich. Bis in der 49. Minute das Spiel unserer SG komplett zusammenbrach. Nicht nur, dass sich unser Innenblock Mihael Antunovic in einer Abwehrsituation gleich mehrere B\u00e4nder riss, nein auch unser Juniorstar Jonathan Cremer musste wegen eines missgeschicklichen Gesichtstreffers eine 2-Minuten-Strafe absitzen. Innerhalb weniger Minuten konnten sich die Gegner der HSG von 26:26 auf ein 26:29 absetzen.<\/p>\n\n\n\n<p>Jetzt mussten Priorit\u00e4ten gesetzt werden. Wollen wir uns, unseren Fans und unserem&nbsp; verletzen Captain den Sieg einbringen, was mit einem risikobehafteten Spiel verbunden war oder spielen wir unsern Stiefel wie gehabt runter? Logisch, wir spielen auf Risiko! Schnelle Torabschl\u00fcsse und hinten schnelle Ballgewinne. Unsere Ulmer behielten einen k\u00fchlen Kopf, doch leider waren die Fischbacher nicht zu brechen und so mussten unsere Ulmer zum ersten Mal in dieser Saison Punkte daheim liegen lassen. Endstand 30:34.<\/p>\n\n\n\n<p>Wir wollen uns nichtsdestotrotz bei den rund 80 Zuschauern bedanken, welche sich die Zeit genommen haben, auf der Trib\u00fcne ein wenig Stimmung zu machen und auch unseren Spielern ein wenig entgegenzukommen, was den Unterhaltungsfaktor angeht. Vielen Dank auch an das Schiedsrichterduo, welche uns durch ein sch\u00f6nes, faires, Spiel geleitet hat.<\/p>\n","protected":false},"excerpt":{"rendered":"<p>Ach ja, was will man sagen? <\/p>\n<br\/><br\/><a class=\"read-more\" href=\"https:\/\/www.handball-ulm.de\/?p=12502\"> Mehr lesen...<\/a>","protected":false},"author":10,"featured_media":0,"comment_status":"closed","ping_status":"closed","sticky":false,"template":"","format":"standard","meta":{"ngg_post_thumbnail":0,"footnotes":""},"categories":[80,11,63],"tags":[],"_links":{"self":[{"href":"https:\/\/www.handball-ulm.de\/index.php?rest_route=\/wp\/v2\/posts\/12502"}],"collection":[{"href":"https:\/\/www.handball-ulm.de\/index.php?rest_route=\/wp\/v2\/posts"}],"about":[{"href":"https:\/\/www.handball-ulm.de\/index.php?rest_route=\/wp\/v2\/types\/post"}],"author":[{"embeddable":true,"href":"https:\/\/www.handball-ulm.de\/index.php?rest_route=\/wp\/v2\/users\/10"}],"replies":[{"embeddable":true,"href":"https:\/\/www.handball-ulm.de\/index.php?rest_route=%2Fwp%2Fv2%2Fcomments&post=12502"}],"version-history":[{"count":3,"href":"https:\/\/www.handball-ulm.de\/index.php?rest_route=\/wp\/v2\/posts\/12502\/revisions"}],"predecessor-version":[{"id":12505,"href":"https:\/\/www.handball-ulm.de\/index.php?rest_route=\/wp\/v2\/posts\/12502\/revisions\/12505"}],"wp:attachment":[{"href":"https:\/\/www.handball-ulm.de\/index.php?rest_route=%2Fwp%2Fv2%2Fmedia&parent=12502"}],"wp:term":[{"taxonomy":"category","embeddable":true,"href":"https:\/\/www.handball-ulm.de\/index.php?rest_route=%2Fwp%2Fv2%2Fcategories&post=12502"},{"taxonomy":"post_tag","embeddable":true,"href":"https:\/\/www.handball-ulm.de\/index.php?rest_route=%2Fwp%2Fv2%2Ftags&post=12502"}],"curies":[{"name":"wp","href":"https:\/\/api.w.org\/{rel}","templated":true}]}}