{"id":1250,"date":"2019-06-20T17:25:26","date_gmt":"2019-06-20T15:25:26","guid":{"rendered":"https:\/\/www.handball-ulm.de\/?p=1250"},"modified":"2020-05-11T23:17:24","modified_gmt":"2020-05-11T21:17:24","slug":"neunzig-junge-handballer-und-neunzig-kilo-obst","status":"publish","type":"post","link":"https:\/\/www.handball-ulm.de\/?p=1250","title":{"rendered":"Neunzig junge Handballer und neunzig Kilo Obst"},"content":{"rendered":"\n<figure class=\"wp-block-image\"><img loading=\"lazy\" decoding=\"async\" width=\"1024\" height=\"433\" src=\"https:\/\/www.handball-ulm.de\/wp-content\/uploads\/2019\/06\/2019_Handballcamp-1024x433.jpg\" alt=\"\" class=\"wp-image-1251\" srcset=\"https:\/\/www.handball-ulm.de\/wp-content\/uploads\/2019\/06\/2019_Handballcamp-1024x433.jpg 1024w, https:\/\/www.handball-ulm.de\/wp-content\/uploads\/2019\/06\/2019_Handballcamp-300x127.jpg 300w, https:\/\/www.handball-ulm.de\/wp-content\/uploads\/2019\/06\/2019_Handballcamp-768x325.jpg 768w\" sizes=\"(max-width: 1024px) 100vw, 1024px\" \/><\/figure>\n\n\n\n<p>Viel los in den Faschingsferien in der\nBallspielhalle Ulm. <\/p>\n\n\n\n<p>Dort sind in den Ferien neunzig junge\nHandballer f\u00fcnf Tage zusammengekommen. <\/p>\n\n\n\n<p>Montag und Dienstag ging es los f\u00fcr die\nGro\u00dfen. Drei\u00dfig C- bis A Jugendliche trainieren zusammen mit Stephan Hofmeister\nund den Trainern der SG Ulm Angriff und Abwehr im Handball. <\/p>\n\n\n\n<figure class=\"wp-block-image\"><img loading=\"lazy\" decoding=\"async\" width=\"1024\" height=\"1007\" src=\"https:\/\/www.handball-ulm.de\/wp-content\/uploads\/2019\/06\/2019_Handballcamp2-1024x1007.jpg\" alt=\"\" class=\"wp-image-1252\" srcset=\"https:\/\/www.handball-ulm.de\/wp-content\/uploads\/2019\/06\/2019_Handballcamp2-1024x1007.jpg 1024w, https:\/\/www.handball-ulm.de\/wp-content\/uploads\/2019\/06\/2019_Handballcamp2-300x295.jpg 300w, https:\/\/www.handball-ulm.de\/wp-content\/uploads\/2019\/06\/2019_Handballcamp2-768x755.jpg 768w, https:\/\/www.handball-ulm.de\/wp-content\/uploads\/2019\/06\/2019_Handballcamp2.jpg 1261w\" sizes=\"(max-width: 1024px) 100vw, 1024px\" \/><\/figure>\n\n\n\n<p>Jede Menge Spa\u00df war dabei und besonders die\nAtmosph\u00e4re in der Halle war super. Danke Stephan Hofmeister f\u00fcr sein\nEngagement!<\/p>\n\n\n\n<p>Mittwoch bis Freitag trafen sich dann sechzig\nKinder bis zur D Jugend und 13 Trainer der SG Ulm in der Halle. Auch hier stand\nviel Spa\u00df im Raum und nat\u00fcrlich Handball, Handball, Handball. Sch\u00f6n zu sehen,\nwie Kinder Spa\u00df an der Bewegung und miteinander haben.<\/p>\n\n\n\n<p>Zu erw\u00e4hnen gilt im Besonderen die Menge an\nObst, die in den f\u00fcnf Tagen verdr\u00fcckt wurde. Angefangen bei 20 kg Bananen, 20\nkg \u00c4pfel, 15 kg Birnen. Gurken, Paprika und vieles mehr gab es extra noch!!<\/p>\n\n\n\n<p>Unser Kooperationspartner, die AOK\nUlm-Biberach kam am Dienstag ins Jugendcamp und f\u00fchrte einen Biozoom Test durch\nund demonstrierte am Donnerstag den Kindern spannende Sachen zum Thema Zucker.<\/p>\n\n\n\n<p>Alles in allem hatten wir erfolgreiche sch\u00f6ne\nTage und freuen uns jetzt schon aufs n\u00e4chste Jahr!<\/p>\n\n\n\n<p>Danke an alle Trainer, dem Weststadthaus f\u00fcr das k\u00f6stliche Essen und unserer AOK! <\/p>\n\n\n\n<figure class=\"wp-block-image\"><img loading=\"lazy\" decoding=\"async\" width=\"1024\" height=\"964\" src=\"https:\/\/www.handball-ulm.de\/wp-content\/uploads\/2019\/06\/2019_Handballcamp3-1024x964.jpg\" alt=\"\" class=\"wp-image-1253\" srcset=\"https:\/\/www.handball-ulm.de\/wp-content\/uploads\/2019\/06\/2019_Handballcamp3-1024x964.jpg 1024w, https:\/\/www.handball-ulm.de\/wp-content\/uploads\/2019\/06\/2019_Handballcamp3-300x282.jpg 300w, https:\/\/www.handball-ulm.de\/wp-content\/uploads\/2019\/06\/2019_Handballcamp3-768x723.jpg 768w, https:\/\/www.handball-ulm.de\/wp-content\/uploads\/2019\/06\/2019_Handballcamp3.jpg 1138w\" sizes=\"(max-width: 1024px) 100vw, 1024px\" \/><\/figure>\n\n\n\n<figure class=\"wp-block-image\"><img loading=\"lazy\" decoding=\"async\" width=\"516\" height=\"1024\" src=\"https:\/\/www.handball-ulm.de\/wp-content\/uploads\/2019\/06\/2019_Handballcamp5-516x1024.jpg\" alt=\"\" class=\"wp-image-1254\" srcset=\"https:\/\/www.handball-ulm.de\/wp-content\/uploads\/2019\/06\/2019_Handballcamp5-516x1024.jpg 516w, https:\/\/www.handball-ulm.de\/wp-content\/uploads\/2019\/06\/2019_Handballcamp5-151x300.jpg 151w, https:\/\/www.handball-ulm.de\/wp-content\/uploads\/2019\/06\/2019_Handballcamp5.jpg 621w\" sizes=\"(max-width: 516px) 100vw, 516px\" \/><\/figure>\n","protected":false},"excerpt":{"rendered":"<p>Viel los in den Faschingsferien in der Ballspielhalle Ulm. Dort sind in den Ferien neunzig junge Handballer f\u00fcnf Tage zusammengekommen. Montag und Dienstag ging es los f\u00fcr die Gro\u00dfen. Drei\u00dfig C- bis A Jugendliche trainieren zusammen mit Stephan Hofmeister und den Trainern der SG Ulm Angriff und Abwehr im Handball. Jede Menge Spa\u00df war dabei [&hellip;]<\/p>\n<br\/><br\/><a class=\"read-more\" href=\"https:\/\/www.handball-ulm.de\/?p=1250\"> Mehr lesen...<\/a>","protected":false},"author":10,"featured_media":0,"comment_status":"closed","ping_status":"closed","sticky":false,"template":"","format":"standard","meta":{"ngg_post_thumbnail":0,"footnotes":""},"categories":[1,66],"tags":[],"_links":{"self":[{"href":"https:\/\/www.handball-ulm.de\/index.php?rest_route=\/wp\/v2\/posts\/1250"}],"collection":[{"href":"https:\/\/www.handball-ulm.de\/index.php?rest_route=\/wp\/v2\/posts"}],"about":[{"href":"https:\/\/www.handball-ulm.de\/index.php?rest_route=\/wp\/v2\/types\/post"}],"author":[{"embeddable":true,"href":"https:\/\/www.handball-ulm.de\/index.php?rest_route=\/wp\/v2\/users\/10"}],"replies":[{"embeddable":true,"href":"https:\/\/www.handball-ulm.de\/index.php?rest_route=%2Fwp%2Fv2%2Fcomments&post=1250"}],"version-history":[{"count":2,"href":"https:\/\/www.handball-ulm.de\/index.php?rest_route=\/wp\/v2\/posts\/1250\/revisions"}],"predecessor-version":[{"id":1256,"href":"https:\/\/www.handball-ulm.de\/index.php?rest_route=\/wp\/v2\/posts\/1250\/revisions\/1256"}],"wp:attachment":[{"href":"https:\/\/www.handball-ulm.de\/index.php?rest_route=%2Fwp%2Fv2%2Fmedia&parent=1250"}],"wp:term":[{"taxonomy":"category","embeddable":true,"href":"https:\/\/www.handball-ulm.de\/index.php?rest_route=%2Fwp%2Fv2%2Fcategories&post=1250"},{"taxonomy":"post_tag","embeddable":true,"href":"https:\/\/www.handball-ulm.de\/index.php?rest_route=%2Fwp%2Fv2%2Ftags&post=1250"}],"curies":[{"name":"wp","href":"https:\/\/api.w.org\/{rel}","templated":true}]}}