{"id":12495,"date":"2023-03-25T14:04:00","date_gmt":"2023-03-25T13:04:00","guid":{"rendered":"https:\/\/www.handball-ulm.de\/?p=12495"},"modified":"2023-03-27T16:39:24","modified_gmt":"2023-03-27T14:39:24","slug":"auf-dem-weg-zum-titel","status":"publish","type":"post","link":"https:\/\/www.handball-ulm.de\/?p=12495","title":{"rendered":"Auf dem Weg zum Titel?"},"content":{"rendered":"\n<p>gemischte D-Jugend gegen HC Hard<\/p>\n\n\n\n<figure class=\"wp-block-image size-large\"><img loading=\"lazy\" decoding=\"async\" width=\"1024\" height=\"927\" src=\"https:\/\/www.handball-ulm.de\/wp-content\/uploads\/2023\/03\/P3250035-1024x927.jpg\" alt=\"\" class=\"wp-image-12496\" srcset=\"https:\/\/www.handball-ulm.de\/wp-content\/uploads\/2023\/03\/P3250035-1024x927.jpg 1024w, https:\/\/www.handball-ulm.de\/wp-content\/uploads\/2023\/03\/P3250035-300x272.jpg 300w, https:\/\/www.handball-ulm.de\/wp-content\/uploads\/2023\/03\/P3250035-768x695.jpg 768w, https:\/\/www.handball-ulm.de\/wp-content\/uploads\/2023\/03\/P3250035.jpg 1055w\" sizes=\"(max-width: 1024px) 100vw, 1024px\" \/><\/figure>\n\n\n\n<p>Samstag, 25.03.2023 12 Uhr Tannenplatzhalle<\/p>\n\n\n\n<p>Neun Zwei-Minuten-Strafen f\u00fcr Hard und neun Siebenmeter und ein sehr deutlicher 39 : 23 Sieg f\u00fcr Ulm sind die Bilanz aus dem D-Jugend-Spiel der SG Ulm &amp; Wiblingen gegen den HC Hard. Oder wie es Alex sah:<\/p>\n\n\n\n<p>F\u00fcr mich war das Spiel sch\u00f6n, da wir sehr deutlich gewonnen haben. Ich fand es aber sehr schade, dass der Trainer von Hard so viele Spieler mitgenommen hat, obwohl sie gar nicht spielen durften oder die halbe Zeit auf der Bank sa\u00dfen. Mich hat es auch frustriert, dass die Jungs von Hard so unfair gespielt haben und gar nicht wussten, wie man es richtig macht. Sie haben uns bei jedem Angriff geklammert oder von hinten reingegriffen, was man eigentlich alles gar nicht darf. Ich fand aber trotzdem, dass sie sehr gut zusammen spielen konnten und auch gut werfen konnten, aber es war halt sehr schade, dass man sich immer nicht ganz getraut hat, allein ein Mann gegen Mann zu machen, weil sie einen immer umklammert haben. So war das zumindest f\u00fcr mich und fand, dass es allgemein ein sehr hartes Spiel war. Aber es war trotzdem im Gro\u00dfen und Ganzen ein sch\u00f6nes Spiel und wir k\u00f6nnen jetzt wieder Meister der Bezirksliga werden.<\/p>\n\n\n\n<figure class=\"wp-block-gallery columns-1 is-cropped wp-block-gallery-1 is-layout-flex wp-block-gallery-is-layout-flex\"><ul class=\"blocks-gallery-grid\"><li class=\"blocks-gallery-item\"><figure><img loading=\"lazy\" decoding=\"async\" width=\"1024\" height=\"330\" src=\"https:\/\/www.handball-ulm.de\/wp-content\/uploads\/2023\/03\/Screenshot-453-1024x330.png\" alt=\"\" data-id=\"12498\" class=\"wp-image-12498\" srcset=\"https:\/\/www.handball-ulm.de\/wp-content\/uploads\/2023\/03\/Screenshot-453-1024x330.png 1024w, https:\/\/www.handball-ulm.de\/wp-content\/uploads\/2023\/03\/Screenshot-453-300x97.png 300w, https:\/\/www.handball-ulm.de\/wp-content\/uploads\/2023\/03\/Screenshot-453-768x247.png 768w, https:\/\/www.handball-ulm.de\/wp-content\/uploads\/2023\/03\/Screenshot-453.png 1090w\" sizes=\"(max-width: 1024px) 100vw, 1024px\" \/><\/figure><\/li><li class=\"blocks-gallery-item\"><figure><img loading=\"lazy\" decoding=\"async\" width=\"1024\" height=\"768\" src=\"https:\/\/www.handball-ulm.de\/wp-content\/uploads\/2023\/03\/P3250541-1024x768.jpg\" alt=\"\" data-id=\"12499\" data-full-url=\"https:\/\/www.handball-ulm.de\/wp-content\/uploads\/2023\/03\/P3250541-scaled.jpg\" data-link=\"https:\/\/www.handball-ulm.de\/?attachment_id=12499\" class=\"wp-image-12499\" srcset=\"https:\/\/www.handball-ulm.de\/wp-content\/uploads\/2023\/03\/P3250541-1024x768.jpg 1024w, https:\/\/www.handball-ulm.de\/wp-content\/uploads\/2023\/03\/P3250541-300x225.jpg 300w, https:\/\/www.handball-ulm.de\/wp-content\/uploads\/2023\/03\/P3250541-768x576.jpg 768w, https:\/\/www.handball-ulm.de\/wp-content\/uploads\/2023\/03\/P3250541-1536x1152.jpg 1536w, https:\/\/www.handball-ulm.de\/wp-content\/uploads\/2023\/03\/P3250541-2048x1536.jpg 2048w, https:\/\/www.handball-ulm.de\/wp-content\/uploads\/2023\/03\/P3250541-1170x877.jpg 1170w\" sizes=\"(max-width: 1024px) 100vw, 1024px\" \/><\/figure><\/li><\/ul><\/figure>\n\n\n\n<p>Weitere Fotos <code><a href=\"https:\/\/www.handball-ulm.de\/index.php\/nggallery\/alles\/gemischte-d-jugend-gegen-hc-hard?page_id=91\">unter<\/a><\/code> <br>Danke an Robert Moll<\/p>\n","protected":false},"excerpt":{"rendered":"<p>Ein harter Schlagabtausch<\/p>\n<br\/><br\/><a class=\"read-more\" href=\"https:\/\/www.handball-ulm.de\/?p=12495\"> Mehr lesen...<\/a>","protected":false},"author":10,"featured_media":12501,"comment_status":"closed","ping_status":"closed","sticky":false,"template":"","format":"standard","meta":{"ngg_post_thumbnail":0,"footnotes":""},"categories":[1,80,22,63],"tags":[],"_links":{"self":[{"href":"https:\/\/www.handball-ulm.de\/index.php?rest_route=\/wp\/v2\/posts\/12495"}],"collection":[{"href":"https:\/\/www.handball-ulm.de\/index.php?rest_route=\/wp\/v2\/posts"}],"about":[{"href":"https:\/\/www.handball-ulm.de\/index.php?rest_route=\/wp\/v2\/types\/post"}],"author":[{"embeddable":true,"href":"https:\/\/www.handball-ulm.de\/index.php?rest_route=\/wp\/v2\/users\/10"}],"replies":[{"embeddable":true,"href":"https:\/\/www.handball-ulm.de\/index.php?rest_route=%2Fwp%2Fv2%2Fcomments&post=12495"}],"version-history":[{"count":3,"href":"https:\/\/www.handball-ulm.de\/index.php?rest_route=\/wp\/v2\/posts\/12495\/revisions"}],"predecessor-version":[{"id":12506,"href":"https:\/\/www.handball-ulm.de\/index.php?rest_route=\/wp\/v2\/posts\/12495\/revisions\/12506"}],"wp:featuredmedia":[{"embeddable":true,"href":"https:\/\/www.handball-ulm.de\/index.php?rest_route=\/wp\/v2\/media\/12501"}],"wp:attachment":[{"href":"https:\/\/www.handball-ulm.de\/index.php?rest_route=%2Fwp%2Fv2%2Fmedia&parent=12495"}],"wp:term":[{"taxonomy":"category","embeddable":true,"href":"https:\/\/www.handball-ulm.de\/index.php?rest_route=%2Fwp%2Fv2%2Fcategories&post=12495"},{"taxonomy":"post_tag","embeddable":true,"href":"https:\/\/www.handball-ulm.de\/index.php?rest_route=%2Fwp%2Fv2%2Ftags&post=12495"}],"curies":[{"name":"wp","href":"https:\/\/api.w.org\/{rel}","templated":true}]}}