{"id":1242,"date":"2019-06-20T15:51:38","date_gmt":"2019-06-20T13:51:38","guid":{"rendered":"https:\/\/www.handball-ulm.de\/?p=1242"},"modified":"2020-05-11T23:17:05","modified_gmt":"2020-05-11T21:17:05","slug":"saisonabschluss-der-handballer","status":"publish","type":"post","link":"https:\/\/www.handball-ulm.de\/?p=1242","title":{"rendered":"Saisonabschlu\u00df der Handballer"},"content":{"rendered":"\n<figure class=\"wp-block-image\"><img loading=\"lazy\" decoding=\"async\" width=\"1024\" height=\"576\" src=\"https:\/\/www.handball-ulm.de\/wp-content\/uploads\/2019\/06\/1.Mai_.2-1024x576.jpg\" alt=\"\" class=\"wp-image-1243\" srcset=\"https:\/\/www.handball-ulm.de\/wp-content\/uploads\/2019\/06\/1.Mai_.2-1024x576.jpg 1024w, https:\/\/www.handball-ulm.de\/wp-content\/uploads\/2019\/06\/1.Mai_.2-300x169.jpg 300w, https:\/\/www.handball-ulm.de\/wp-content\/uploads\/2019\/06\/1.Mai_.2-768x432.jpg 768w, https:\/\/www.handball-ulm.de\/wp-content\/uploads\/2019\/06\/1.Mai_.2.jpg 2016w\" sizes=\"(max-width: 1024px) 100vw, 1024px\" \/><\/figure>\n\n\n\n<p>Bei bestem Wetter trafen sich die Handballer\nmit ihren Familien und Freunden am Binsenweiher zum gemeinsamen Grillen,\nschwatzen, spielen und einfach nur Beisammensein.<\/p>\n\n\n\n<p>W\u00e4hrend die Kinder die Gegend erkundeten oder\nWikinger Schach und Ball spielten, sa\u00dfen die Erwachsenen bei Salat und Steaks,\nSaft und Bier und sprachen nicht nur \u00fcber Handball.<\/p>\n\n\n\n<figure class=\"wp-block-image\"><img loading=\"lazy\" decoding=\"async\" width=\"1024\" height=\"603\" src=\"https:\/\/www.handball-ulm.de\/wp-content\/uploads\/2019\/06\/1.Mai_-1024x603.jpg\" alt=\"\" class=\"wp-image-1244\" srcset=\"https:\/\/www.handball-ulm.de\/wp-content\/uploads\/2019\/06\/1.Mai_-1024x603.jpg 1024w, https:\/\/www.handball-ulm.de\/wp-content\/uploads\/2019\/06\/1.Mai_-300x177.jpg 300w, https:\/\/www.handball-ulm.de\/wp-content\/uploads\/2019\/06\/1.Mai_-768x452.jpg 768w, https:\/\/www.handball-ulm.de\/wp-content\/uploads\/2019\/06\/1.Mai_.jpg 1570w\" sizes=\"(max-width: 1024px) 100vw, 1024px\" \/><\/figure>\n\n\n\n<p>Mit der Organisation waren in diesem Jahr die\nFrauen 1 an der Reihe. Clever wie Frauen nun mal sind, baten sie die m\u00e4nnliche\nA-Jugend, den Grill zu \u00fcbernehmen. Die ersten Anw\u00e4rter auf ein Grillw\u00fcrstchen\nwaren schon 11:30 Uhr auf der Wiese. Sogar die Oldies um Bernd St\u00f6ferle kamen\nin diesem Jahr p\u00fcnktlich, um noch S\u00e4ttigendes auf den Teller zu bekommen. Die\nletzten G\u00e4ste gingen etwa 18:15 Uhr. Am Ende des Tages k\u00f6nnen 140 zufriedene\nMenschen Erinnerungen an einen sch\u00f6nen Tag mitnehmen.<\/p>\n","protected":false},"excerpt":{"rendered":"<p>Bei bestem Wetter trafen sich die Handballer mit ihren Familien und Freunden am Binsenweiher zum gemeinsamen Grillen, schwatzen, spielen und einfach nur Beisammensein. W\u00e4hrend die Kinder die Gegend erkundeten oder Wikinger Schach und Ball spielten, sa\u00dfen die Erwachsenen bei Salat und Steaks, Saft und Bier und sprachen nicht nur \u00fcber Handball. Mit der Organisation waren [&hellip;]<\/p>\n<br\/><br\/><a class=\"read-more\" href=\"https:\/\/www.handball-ulm.de\/?p=1242\"> Mehr lesen...<\/a>","protected":false},"author":10,"featured_media":1244,"comment_status":"closed","ping_status":"closed","sticky":false,"template":"","format":"standard","meta":{"ngg_post_thumbnail":0,"footnotes":""},"categories":[1,66],"tags":[],"_links":{"self":[{"href":"https:\/\/www.handball-ulm.de\/index.php?rest_route=\/wp\/v2\/posts\/1242"}],"collection":[{"href":"https:\/\/www.handball-ulm.de\/index.php?rest_route=\/wp\/v2\/posts"}],"about":[{"href":"https:\/\/www.handball-ulm.de\/index.php?rest_route=\/wp\/v2\/types\/post"}],"author":[{"embeddable":true,"href":"https:\/\/www.handball-ulm.de\/index.php?rest_route=\/wp\/v2\/users\/10"}],"replies":[{"embeddable":true,"href":"https:\/\/www.handball-ulm.de\/index.php?rest_route=%2Fwp%2Fv2%2Fcomments&post=1242"}],"version-history":[{"count":1,"href":"https:\/\/www.handball-ulm.de\/index.php?rest_route=\/wp\/v2\/posts\/1242\/revisions"}],"predecessor-version":[{"id":1245,"href":"https:\/\/www.handball-ulm.de\/index.php?rest_route=\/wp\/v2\/posts\/1242\/revisions\/1245"}],"wp:featuredmedia":[{"embeddable":true,"href":"https:\/\/www.handball-ulm.de\/index.php?rest_route=\/wp\/v2\/media\/1244"}],"wp:attachment":[{"href":"https:\/\/www.handball-ulm.de\/index.php?rest_route=%2Fwp%2Fv2%2Fmedia&parent=1242"}],"wp:term":[{"taxonomy":"category","embeddable":true,"href":"https:\/\/www.handball-ulm.de\/index.php?rest_route=%2Fwp%2Fv2%2Fcategories&post=1242"},{"taxonomy":"post_tag","embeddable":true,"href":"https:\/\/www.handball-ulm.de\/index.php?rest_route=%2Fwp%2Fv2%2Ftags&post=1242"}],"curies":[{"name":"wp","href":"https:\/\/api.w.org\/{rel}","templated":true}]}}