{"id":1228,"date":"2019-06-14T22:04:49","date_gmt":"2019-06-14T20:04:49","guid":{"rendered":"https:\/\/www.handball-ulm.de\/?p=1228"},"modified":"2020-05-11T23:16:43","modified_gmt":"2020-05-11T21:16:43","slug":"weiblich-d-erstes-turnier-und-gleich-erfolgreich","status":"publish","type":"post","link":"https:\/\/www.handball-ulm.de\/?p=1228","title":{"rendered":"Weiblich D: Erstes Turnier und gleich erfolgreich"},"content":{"rendered":"\n<figure class=\"wp-block-image\"><a href=\"https:\/\/www.handball-ulm.de\/wp-content\/uploads\/2019\/06\/2019_05_30_Turnier_Brenz.jpg\"><img loading=\"lazy\" decoding=\"async\" width=\"1024\" height=\"576\" src=\"https:\/\/www.handball-ulm.de\/wp-content\/uploads\/2019\/06\/2019_05_30_Turnier_Brenz-1024x576.jpg\" alt=\"\" class=\"wp-image-1229\" srcset=\"https:\/\/www.handball-ulm.de\/wp-content\/uploads\/2019\/06\/2019_05_30_Turnier_Brenz-1024x576.jpg 1024w, https:\/\/www.handball-ulm.de\/wp-content\/uploads\/2019\/06\/2019_05_30_Turnier_Brenz-300x169.jpg 300w, https:\/\/www.handball-ulm.de\/wp-content\/uploads\/2019\/06\/2019_05_30_Turnier_Brenz-768x432.jpg 768w, https:\/\/www.handball-ulm.de\/wp-content\/uploads\/2019\/06\/2019_05_30_Turnier_Brenz.jpg 1600w\" sizes=\"(max-width: 1024px) 100vw, 1024px\" \/><\/a><\/figure>\n\n\n\n<p>Voller Aufregung starteten 12 M\u00e4dchen der weiblichen D-Jugend der SG Ulm &amp; Wiblingen am 30.05.2019 am fr\u00fchen Morgen mit zwei ihrer Trainer und vielen Eltern an der Ballspielhalle Ulm zum Schlichtercup nach Dettingen\/Erms.<\/p>\n\n\n\n<p>Es sollte der erste Einsatz in dieser Konstellation sein. Nicht nur die M\u00e4dchen waren aufgeregt.<\/p>\n\n\n\n<p>Die Trikots erwiesen sich als ziemlich gro\u00df, aber das st\u00f6rte die Spielerinnen nicht.  <\/p>\n\n\n\n<figure class=\"wp-block-image\"><a href=\"https:\/\/www.handball-ulm.de\/wp-content\/uploads\/2019\/06\/2019_05_30_Turnier_Brenz2.jpg\"><img loading=\"lazy\" decoding=\"async\" width=\"1024\" height=\"768\" src=\"https:\/\/www.handball-ulm.de\/wp-content\/uploads\/2019\/06\/2019_05_30_Turnier_Brenz2-1024x768.jpg\" alt=\"\" class=\"wp-image-1230\" srcset=\"https:\/\/www.handball-ulm.de\/wp-content\/uploads\/2019\/06\/2019_05_30_Turnier_Brenz2-1024x768.jpg 1024w, https:\/\/www.handball-ulm.de\/wp-content\/uploads\/2019\/06\/2019_05_30_Turnier_Brenz2-300x225.jpg 300w, https:\/\/www.handball-ulm.de\/wp-content\/uploads\/2019\/06\/2019_05_30_Turnier_Brenz2-768x576.jpg 768w, https:\/\/www.handball-ulm.de\/wp-content\/uploads\/2019\/06\/2019_05_30_Turnier_Brenz2.jpg 1600w\" sizes=\"(max-width: 1024px) 100vw, 1024px\" \/><\/a><\/figure>\n\n\n\n<p>P\u00fcnktlich startete das Spiel gegen Spvvg M\u00f6ssingen. Wir Trainer waren sehr begeistert, da die Spielerinnen alles umsetzten, was wir trainiert hatten. Das Ergebnis? Ein klarer Sieg. Auch das Spiel gegen die Tussis Metzingen 1 gewannen wir. Beim dritten Staffelspiel ging es gegen die JSG Urach\/Grabenstetten. Mit dem Ziel des Staffelsieges vor Augen machte sich Nervosit\u00e4t breit. Viele unn\u00f6tige Ballverluste lie\u00dfen uns das Spiel trotz \u00fcberragender Leistung unserer Torfrau Saskia verlieren. So wurden wir nur Staffelzweiter und mussten noch einmal gegen M\u00f6ssingen ran. Nun wollten die M\u00e4dchen es aber wissen. Obwohl sie schon ziemlich k.o. waren, spielten sie noch einmal Vollgas und konnten so den dritten Platz des Turniers sichern. Unsere Saskia wurde verdient beste Torh\u00fcterin des Turniers. Nach der Siegerehrung fuhren wir gl\u00fccklich nach Hause. Die Feuertaufe war bestanden.<\/p>\n\n\n\n<p>\nPauli<\/p>\n","protected":false},"excerpt":{"rendered":"<p>Voller Aufregung starteten 12 M\u00e4dchen der weiblichen D-Jugend der SG Ulm &amp; Wiblingen am 30.05.2019 am fr\u00fchen Morgen mit zwei ihrer Trainer und vielen Eltern an der Ballspielhalle Ulm zum Schlichtercup nach Dettingen\/Erms. Es sollte der erste Einsatz in dieser Konstellation sein. Nicht nur die M\u00e4dchen waren aufgeregt. Die Trikots erwiesen sich als ziemlich gro\u00df, [&hellip;]<\/p>\n<br\/><br\/><a class=\"read-more\" href=\"https:\/\/www.handball-ulm.de\/?p=1228\"> Mehr lesen...<\/a>","protected":false},"author":1,"featured_media":0,"comment_status":"closed","ping_status":"closed","sticky":false,"template":"","format":"standard","meta":{"ngg_post_thumbnail":0,"footnotes":""},"categories":[66,63,21],"tags":[],"_links":{"self":[{"href":"https:\/\/www.handball-ulm.de\/index.php?rest_route=\/wp\/v2\/posts\/1228"}],"collection":[{"href":"https:\/\/www.handball-ulm.de\/index.php?rest_route=\/wp\/v2\/posts"}],"about":[{"href":"https:\/\/www.handball-ulm.de\/index.php?rest_route=\/wp\/v2\/types\/post"}],"author":[{"embeddable":true,"href":"https:\/\/www.handball-ulm.de\/index.php?rest_route=\/wp\/v2\/users\/1"}],"replies":[{"embeddable":true,"href":"https:\/\/www.handball-ulm.de\/index.php?rest_route=%2Fwp%2Fv2%2Fcomments&post=1228"}],"version-history":[{"count":4,"href":"https:\/\/www.handball-ulm.de\/index.php?rest_route=\/wp\/v2\/posts\/1228\/revisions"}],"predecessor-version":[{"id":1234,"href":"https:\/\/www.handball-ulm.de\/index.php?rest_route=\/wp\/v2\/posts\/1228\/revisions\/1234"}],"wp:attachment":[{"href":"https:\/\/www.handball-ulm.de\/index.php?rest_route=%2Fwp%2Fv2%2Fmedia&parent=1228"}],"wp:term":[{"taxonomy":"category","embeddable":true,"href":"https:\/\/www.handball-ulm.de\/index.php?rest_route=%2Fwp%2Fv2%2Fcategories&post=1228"},{"taxonomy":"post_tag","embeddable":true,"href":"https:\/\/www.handball-ulm.de\/index.php?rest_route=%2Fwp%2Fv2%2Ftags&post=1228"}],"curies":[{"name":"wp","href":"https:\/\/api.w.org\/{rel}","templated":true}]}}