{"id":12137,"date":"2023-02-11T19:32:00","date_gmt":"2023-02-11T18:32:00","guid":{"rendered":"https:\/\/www.handball-ulm.de\/?p=12137"},"modified":"2023-02-16T14:36:11","modified_gmt":"2023-02-16T13:36:11","slug":"12137","status":"publish","type":"post","link":"https:\/\/www.handball-ulm.de\/?p=12137","title":{"rendered":"Schwierige Ausw\u00e4rtsspiele zum Saisonende"},"content":{"rendered":"\n<p>Samstag, 04.02.2023<\/p>\n\n\n\n<p><strong>TV Spaichingen <\/strong>vs.<strong> SG Ulm &amp; Wiblingen<\/strong><\/p>\n\n\n\n<p>Trotz zahlreicher personeller Ausf\u00e4lle unserer Stammkr\u00e4fte machten wir uns auf die Reise zum Ausw\u00e4rtsspiel beim TV Spaichingen. Gedanken an Spielabsagen wegen eines dezimierten Kaders l\u00e4sst unser Sportsgeist bei der SG erst gar nicht aufkommen \u2013 bei uns z\u00e4hlt dann viel mehr das Motto: mit gro\u00dfem Engagement und Kampfgeist sich so teuer wie m\u00f6glich zu verkaufen und an den sportlichen Herausforderungen und Erfahrungen zu wachsen.<\/p>\n\n\n\n<p>Doch rein in die Partie: diese war zu Beginn recht ausgeglichen. Der TV legte 1, 2 Tore vor, die SG zog nach und glich aus. Mitte der ersten Halbzeit gelang es unseren M\u00e4dels sich mit 3 Toren ein ganz klein wenig abzusetzen, da der TV mit ihrem wendigen Teamhandball in dieser Phase nicht so wirklich zurechtkam. Diesen Vorsprung egalisierten die Spaichingerinnen jedoch wieder bis zur Halbzeit. Und so ging es beim Stand von 10:10 in die Katakomben.<\/p>\n\n\n\n<p>Nach der Pause best\u00e4tigte es sich, dass es dem TV aufgefallen war, dass wir im Prinzip ohne unseren starken Stamm-R\u00fcckraum angereist waren und stellten auf eine 6:0 um.<\/p>\n\n\n\n<p>Ohne unseren sonst so gef\u00e4hrlichen und erfolgreichen R\u00fcckraum taten wir uns mit der defensiven Verteidigung unserer Gegnerinnen merklich schwer. Der TV baute \u00fcber die Dauer der 2. H\u00e4lfte seinen Vorsprung langsam, aber kontinuierlich aus und gewann verdient mit 26:20 in eigener Halle.<\/p>\n\n\n\n<p>Gl\u00fcckwunsch an den TV Spaichingen \u2013 aber auch an unsere M\u00e4dels f\u00fcr das sportliche engagierte Auftreten und den Willen sich trotz eines stark dezimierten Kaders bestm\u00f6glich zu pr\u00e4sentieren &#8211; gro\u00dfen Respekt die Damen \ud83d\ude09!<\/p>\n\n\n\n<p>Samstag, 11.02.2023<\/p>\n\n\n\n<p><strong>TSV K\u00f6ngen <\/strong>vs.<strong> SG Ulm &amp; Wiblingen<\/strong><\/p>\n\n\n\n<p>Unser letztes Punktspiel wartete auf uns.<\/p>\n\n\n\n<p>Unser letztes Pflichtspiel unserer lehr- aber auch spa\u00dfreichen Saison in der W\u00fcrttembergliga. In der Liga, in welcher wir \u2013 nach erfolgreicher Qualifikation im Fr\u00fchjahr 2022 \u2013 zum 1. Mal mitwirken durften. In der Liga, in welcher uns \u2013 bis auf unsere Biberacher Freunde \u2013 niemand gekannt und auf dem Zettel hatte. In der Liga, vor welcher zu Saisonbeginn viele gro\u00dfen Bammel hatten. In der Liga, in welcher wir eine \u2013 f\u00fcr unsere Gegner \u00fcberraschend \u2013 gute Duftnote hinterlassen haben. Diese Saison ging nun mit unserem Ausw\u00e4rtsspiel beim TSV K\u00f6ngen zu Ende.<\/p>\n\n\n\n<p>Noch einmal alle Wehwehchen ausblenden, noch einmal die Ausf\u00e4lle von Mannschaftskameradinnen vergessen machen, noch einmal als Team alles auf die Platte bringen &#8211; was eben noch in den Tanks drin ist. Noch einmal zeigen, dass man zurecht in dieser Liga spielt. Noch einmal Teamhandball, noch einmal gegenseitig aufmuntern, sich pushen und auf die Z\u00e4hne bei\u00dfen.<\/p>\n\n\n\n<p><strong>Noch einmal zusammen Spa\u00df haben!<\/strong><\/p>\n\n\n\n<p>Mit 3 Ausf\u00e4llen im Gep\u00e4ck machten wir uns auf den Weg zu unseren \u201eStuttgarter Nachbarn\u201c \u2013 gerade einmal 45min entfernt \u2026 ein Katzensprung im Vergleich zu den allermeisten Ausw\u00e4rtsfahrten.<\/p>\n\n\n\n<p>Klar war, dass unser Gegner noch eine Rechnung mit uns offen hatte. Zu \u00fcberraschend und schmerzhaft schlug die K\u00f6ngener Niederlage in der Ulmer Tannenpatzhalle beim Hinspiel auf die Stimmung unserer Gegner und dessen Anhang. Und somit war auch klar, dass der TSV sich mit allen Mitteln revanchieren wollen w\u00fcrde. Mit dem Anpfiff der Partie wurde das dann auch sofort deutlich und zudem sp\u00fcrbar. Die K\u00f6ngenerinnen starteten mit dem erwarteten hohen Tempo jedoch auch mit einer robusten Gangart und es wurde schnell klar, dass sie damit unsere M\u00e4dels erfolgreich \u00fcberrumpelten. Dazu kam dann noch das \u00fcberfl\u00fcssige Pech bei unseren Abschl\u00fcssen. Dies f\u00fchrte zu einem Zwischenstand von 8:4 und zu unserer ersten Auszeit. Mit ein paar Umstellungen und nun sp\u00fcrbar mehr eigenem Tempo und Konzentration konnten wir den R\u00fcckstand bis zur Halbzeit auf 14:12 verringern.<\/p>\n\n\n\n<p>Die 2. H\u00e4lfte startete unser Team mit einem 3:1 Lauf und so stand es nach 3min in Halbzeit 2 unentschieden. Der TSV konterte unseren Lauf und setzte sich immer wieder mit bis zu 3 Toren ab. Und so stand es dann 3min vor Spielende 26:23.<\/p>\n\n\n\n<p>Zeit f\u00fcr die 2. Auszeit mit letzten Anpassungen und Absprachen:<\/p>\n\n\n\n<p>\u00e0 die Reaktion unsere M\u00e4dels: grandios!<\/p>\n\n\n\n<p>Mit einer fantastischen Energieleistung in der Defensive und einer fulminanten Offensive, die uns 3 Tore in den letzten 3min bescherte glichen, die 7 auf der Platte, hingebungsvoll unterst\u00fctzt von der gesamten Bank, 12 Sekunden vor Schluss zum 26:26 aus!&nbsp;&nbsp;&nbsp;<\/p>\n\n\n\n<p>Mit einem mehr als verdienten Punkt im Gep\u00e4ck, einer gro\u00dfartigen Aufholjagd und dem erneuten Nachweis, dass unsere M\u00e4dels auf dem Level der W\u00fcrttembergliga top unterwegs und angekommen sind, traten wir teilweise (schwer) l\u00e4diert unseren Heimweg an.<\/p>\n\n\n\n<figure class=\"wp-block-image size-large\"><img loading=\"lazy\" decoding=\"async\" width=\"1024\" height=\"562\" src=\"https:\/\/www.handball-ulm.de\/wp-content\/uploads\/2023\/02\/Bilde1-1024x562.jpg\" alt=\"\" class=\"wp-image-12138\" srcset=\"https:\/\/www.handball-ulm.de\/wp-content\/uploads\/2023\/02\/Bilde1-1024x562.jpg 1024w, https:\/\/www.handball-ulm.de\/wp-content\/uploads\/2023\/02\/Bilde1-300x165.jpg 300w, https:\/\/www.handball-ulm.de\/wp-content\/uploads\/2023\/02\/Bilde1-768x422.jpg 768w, https:\/\/www.handball-ulm.de\/wp-content\/uploads\/2023\/02\/Bilde1-1170x642.jpg 1170w, https:\/\/www.handball-ulm.de\/wp-content\/uploads\/2023\/02\/Bilde1.jpg 1386w\" sizes=\"(max-width: 1024px) 100vw, 1024px\" \/><\/figure>\n\n\n\n<p><strong>3:1 Punkte \u2013 so lautet die Bilanz nach Hin- u. R\u00fcckspiel gegen den TSV K\u00f6ngen \u2013 ein verdienter Abschluss einer tollen Saison!<\/strong><\/p>\n\n\n\n<p>Jetzt lassen wir unsere<strong> gro\u00dfartige Saison mit <\/strong>zwei <strong>lockeren Trainingseinheiten <\/strong>und einer<strong> Saison-Abschluss-Fete <\/strong>vor den Faschingsferien<strong> ausklingen \u2013 ihr habt es euch alle verdient!<\/strong><\/p>\n","protected":false},"excerpt":{"rendered":"<p>Samstag, 04.02.2023 TV Spaichingen vs. SG Ulm &amp; Wiblingen Trotz zahlreicher personeller Ausf\u00e4lle unserer Stammkr\u00e4fte machten wir uns auf die Reise zum Ausw\u00e4rtsspiel beim TV Spaichingen. Gedanken an Spielabsagen wegen eines dezimierten Kaders l\u00e4sst unser Sportsgeist bei der SG erst gar nicht aufkommen \u2013 bei uns z\u00e4hlt dann viel mehr das Motto: mit gro\u00dfem Engagement [&hellip;]<\/p>\n<br\/><br\/><a class=\"read-more\" href=\"https:\/\/www.handball-ulm.de\/?p=12137\"> Mehr lesen...<\/a>","protected":false},"author":10,"featured_media":12138,"comment_status":"closed","ping_status":"closed","sticky":false,"template":"","format":"standard","meta":{"ngg_post_thumbnail":0,"footnotes":""},"categories":[1,80,63,18],"tags":[],"_links":{"self":[{"href":"https:\/\/www.handball-ulm.de\/index.php?rest_route=\/wp\/v2\/posts\/12137"}],"collection":[{"href":"https:\/\/www.handball-ulm.de\/index.php?rest_route=\/wp\/v2\/posts"}],"about":[{"href":"https:\/\/www.handball-ulm.de\/index.php?rest_route=\/wp\/v2\/types\/post"}],"author":[{"embeddable":true,"href":"https:\/\/www.handball-ulm.de\/index.php?rest_route=\/wp\/v2\/users\/10"}],"replies":[{"embeddable":true,"href":"https:\/\/www.handball-ulm.de\/index.php?rest_route=%2Fwp%2Fv2%2Fcomments&post=12137"}],"version-history":[{"count":2,"href":"https:\/\/www.handball-ulm.de\/index.php?rest_route=\/wp\/v2\/posts\/12137\/revisions"}],"predecessor-version":[{"id":12140,"href":"https:\/\/www.handball-ulm.de\/index.php?rest_route=\/wp\/v2\/posts\/12137\/revisions\/12140"}],"wp:featuredmedia":[{"embeddable":true,"href":"https:\/\/www.handball-ulm.de\/index.php?rest_route=\/wp\/v2\/media\/12138"}],"wp:attachment":[{"href":"https:\/\/www.handball-ulm.de\/index.php?rest_route=%2Fwp%2Fv2%2Fmedia&parent=12137"}],"wp:term":[{"taxonomy":"category","embeddable":true,"href":"https:\/\/www.handball-ulm.de\/index.php?rest_route=%2Fwp%2Fv2%2Fcategories&post=12137"},{"taxonomy":"post_tag","embeddable":true,"href":"https:\/\/www.handball-ulm.de\/index.php?rest_route=%2Fwp%2Fv2%2Ftags&post=12137"}],"curies":[{"name":"wp","href":"https:\/\/api.w.org\/{rel}","templated":true}]}}