{"id":12102,"date":"2023-03-01T17:04:00","date_gmt":"2023-03-01T16:04:00","guid":{"rendered":"https:\/\/www.handball-ulm.de\/?p=12102"},"modified":"2023-03-02T17:25:15","modified_gmt":"2023-03-02T16:25:15","slug":"saskia-fromm-torfrau-jahrgang-2008","status":"publish","type":"post","link":"https:\/\/www.handball-ulm.de\/?p=12102","title":{"rendered":"Unser Talent im Tor"},"content":{"rendered":"\n<p class=\"has-large-font-size\">UPDATE: 01.03.2023<br>Heute kam die Einladung zum DHB Training nach Nellingen. <\/p>\n\n\n\n<figure class=\"wp-block-gallery columns-2 is-cropped wp-block-gallery-1 is-layout-flex wp-block-gallery-is-layout-flex\"><ul class=\"blocks-gallery-grid\"><li class=\"blocks-gallery-item\"><figure><img loading=\"lazy\" decoding=\"async\" width=\"1024\" height=\"576\" src=\"https:\/\/www.handball-ulm.de\/wp-content\/uploads\/2023\/03\/WhatsApp-Image-2023-02-26-at-15.05.28-1024x576.jpeg\" alt=\"\" data-id=\"12153\" data-full-url=\"https:\/\/www.handball-ulm.de\/wp-content\/uploads\/2023\/03\/WhatsApp-Image-2023-02-26-at-15.05.28.jpeg\" data-link=\"https:\/\/www.handball-ulm.de\/?attachment_id=12153\" class=\"wp-image-12153\" srcset=\"https:\/\/www.handball-ulm.de\/wp-content\/uploads\/2023\/03\/WhatsApp-Image-2023-02-26-at-15.05.28-1024x576.jpeg 1024w, https:\/\/www.handball-ulm.de\/wp-content\/uploads\/2023\/03\/WhatsApp-Image-2023-02-26-at-15.05.28-300x169.jpeg 300w, https:\/\/www.handball-ulm.de\/wp-content\/uploads\/2023\/03\/WhatsApp-Image-2023-02-26-at-15.05.28-768x432.jpeg 768w, https:\/\/www.handball-ulm.de\/wp-content\/uploads\/2023\/03\/WhatsApp-Image-2023-02-26-at-15.05.28-1536x864.jpeg 1536w, https:\/\/www.handball-ulm.de\/wp-content\/uploads\/2023\/03\/WhatsApp-Image-2023-02-26-at-15.05.28-1170x658.jpeg 1170w, https:\/\/www.handball-ulm.de\/wp-content\/uploads\/2023\/03\/WhatsApp-Image-2023-02-26-at-15.05.28.jpeg 2048w\" sizes=\"(max-width: 1024px) 100vw, 1024px\" \/><\/figure><\/li><li class=\"blocks-gallery-item\"><figure><img loading=\"lazy\" decoding=\"async\" width=\"1024\" height=\"804\" src=\"https:\/\/www.handball-ulm.de\/wp-content\/uploads\/2023\/03\/WhatsApp-Image-2023-02-26-at-13.29.05-1024x804.jpeg\" alt=\"\" data-id=\"12154\" data-full-url=\"https:\/\/www.handball-ulm.de\/wp-content\/uploads\/2023\/03\/WhatsApp-Image-2023-02-26-at-13.29.05.jpeg\" data-link=\"https:\/\/www.handball-ulm.de\/?attachment_id=12154\" class=\"wp-image-12154\" srcset=\"https:\/\/www.handball-ulm.de\/wp-content\/uploads\/2023\/03\/WhatsApp-Image-2023-02-26-at-13.29.05-1024x804.jpeg 1024w, https:\/\/www.handball-ulm.de\/wp-content\/uploads\/2023\/03\/WhatsApp-Image-2023-02-26-at-13.29.05-300x235.jpeg 300w, https:\/\/www.handball-ulm.de\/wp-content\/uploads\/2023\/03\/WhatsApp-Image-2023-02-26-at-13.29.05-768x603.jpeg 768w, https:\/\/www.handball-ulm.de\/wp-content\/uploads\/2023\/03\/WhatsApp-Image-2023-02-26-at-13.29.05-1170x918.jpeg 1170w, https:\/\/www.handball-ulm.de\/wp-content\/uploads\/2023\/03\/WhatsApp-Image-2023-02-26-at-13.29.05.jpeg 1496w\" sizes=\"(max-width: 1024px) 100vw, 1024px\" \/><\/figure><\/li><\/ul><\/figure>\n\n\n\n<p class=\"has-huge-font-size\"><strong>Gl\u00fcckwunsch, Saskia!<\/strong><\/p>\n\n\n\n<figure class=\"wp-block-image size-large\"><img loading=\"lazy\" decoding=\"async\" width=\"494\" height=\"746\" src=\"https:\/\/www.handball-ulm.de\/wp-content\/uploads\/2023\/02\/Saskia.jpeg\" alt=\"\" class=\"wp-image-12103\" srcset=\"https:\/\/www.handball-ulm.de\/wp-content\/uploads\/2023\/02\/Saskia.jpeg 494w, https:\/\/www.handball-ulm.de\/wp-content\/uploads\/2023\/02\/Saskia-199x300.jpeg 199w\" sizes=\"(max-width: 494px) 100vw, 494px\" \/><\/figure>\n\n\n\n<p>Als 2014 ein Grundschulspieltag in der Schule stattfindet, wird in Saskia das Handballfeuer entfacht. Sie startet bei TSG S\u00f6flingen ihr Handballleben. 2016 wechselt Saskia zur SG Ulm &amp; Wiblingen, da die TSG kein Training f\u00fcr M\u00e4dchen anbietet.<\/p>\n\n\n\n<p>Saskia will bereits in der E Jugend ins Tor und wird 2018 bei der VR Talentiade f\u00fcr den \u00e4lteren Jahrgang gesichtet. Sie erh\u00e4lt eine Einladung zur Bezirksf\u00f6rdergruppe.<\/p>\n\n\n\n<p>2020 war Saskia f\u00fcr die HVW Sichtung des Jahrgangs 2007 vorgesehen. Diese wurde wegen Corona abgesagt.<\/p>\n\n\n\n<p>Die 1. Sichtung des Handballverbands W\u00fcrttemberg findet im September 2021statt.<\/p>\n\n\n\n<p>Saskia erh\u00e4lt eine Einladung zum Verbandsf\u00f6rdertraining in G\u00f6ppingen zusammen mit zwei weiteren Spielerinnen der SG, wohin sie nun jeden Samstagmorgen um 9:00 Uhr mit dem Zug fahren. Im Oktober 2021 folgt die Einladung zum Talentzentrallehrgang des HVW. Im Dezember 2021 wird sie als Auswahlspielerin eingestuft und erh\u00e4lt nun regelm\u00e4\u00dfige Einladungen zu Lehrg\u00e4ngen. Die Einstufung entspricht dem Landeskader.<\/p>\n\n\n\n<p>Die 2. HVW Sichtung findet im M\u00e4rz 2022 statt. Ab April 2022 gilt die Einladung f\u00fcr das HVW St\u00fctzpunkttraining, das immer Mittwoch im etwa 80 km entfernten Ruit stattfindet, wohin Saskia von ihrem Vater, ohne diesen der Werdegang undenkbar w\u00e4re, gefahren wird. Dadurch entf\u00e4llt das Verbandsf\u00f6rdertraining bzw. wird freiwillig. Saskia und einige der anderen M\u00e4dchen trainieren zu diesem Zeitpunkt regelm\u00e4\u00dfig 5x pro Woche.<\/p>\n\n\n\n<p>Im Juni 2022 nimmt Saskia am Regio Cup in Karlsruhe teil und im Sommer 2022 (31.07. &#8211; 04.08.2021) am S\u00fcdcamp im w\u00fcrttembergischen Albstadt-Tailfingen, die erste DHB-Sichtungsma\u00dfnahme. Auf dem Plan standen sportmotorische Tests, Grund\u00fcbungen und -Spiele des DHB-Testmanuals und nat\u00fcrlich die Vergleichsspiele mit den anderen Landesverb\u00e4nden. Saskia schaffte es auf die Warteliste zum Deutschlandcup f\u00fcr den Kader des \u00e4lteren Jahrgangs 2007.<\/p>\n\n\n\n<p>Sie besuchte bis dato insgesamt 18 Auswahllehrg\u00e4nge. Das allein sind schon knapp 4000km mit dem Auto.<\/p>\n\n\n\n<p>Die Einladung zum n\u00e4chsten Lehrgang ist schon da \u2013&nbsp;03.-04.02.2023&nbsp;und hoffentlich 2 Wochen sp\u00e4ter wieder ein&nbsp;Lehrgang am&nbsp;17.-18.02.2023.&nbsp;Der vorl\u00e4ufige H\u00f6hepunkt ist die Einladung zur DHB Sichtung vom&nbsp;24.02-26.02.2023. Im Jahr 2024 ist dann Deutschlandcup f\u00fcr die Jahrg\u00e4nge 2008 &#8230;<\/p>\n","protected":false},"excerpt":{"rendered":"<p>Unser Talent im Tor auf dem Weg zum Profi<\/p>\n<br\/><br\/><a class=\"read-more\" href=\"https:\/\/www.handball-ulm.de\/?p=12102\"> Mehr lesen...<\/a>","protected":false},"author":10,"featured_media":12161,"comment_status":"closed","ping_status":"closed","sticky":false,"template":"","format":"standard","meta":{"ngg_post_thumbnail":0,"footnotes":""},"categories":[80,63,20],"tags":[],"_links":{"self":[{"href":"https:\/\/www.handball-ulm.de\/index.php?rest_route=\/wp\/v2\/posts\/12102"}],"collection":[{"href":"https:\/\/www.handball-ulm.de\/index.php?rest_route=\/wp\/v2\/posts"}],"about":[{"href":"https:\/\/www.handball-ulm.de\/index.php?rest_route=\/wp\/v2\/types\/post"}],"author":[{"embeddable":true,"href":"https:\/\/www.handball-ulm.de\/index.php?rest_route=\/wp\/v2\/users\/10"}],"replies":[{"embeddable":true,"href":"https:\/\/www.handball-ulm.de\/index.php?rest_route=%2Fwp%2Fv2%2Fcomments&post=12102"}],"version-history":[{"count":10,"href":"https:\/\/www.handball-ulm.de\/index.php?rest_route=\/wp\/v2\/posts\/12102\/revisions"}],"predecessor-version":[{"id":12163,"href":"https:\/\/www.handball-ulm.de\/index.php?rest_route=\/wp\/v2\/posts\/12102\/revisions\/12163"}],"wp:featuredmedia":[{"embeddable":true,"href":"https:\/\/www.handball-ulm.de\/index.php?rest_route=\/wp\/v2\/media\/12161"}],"wp:attachment":[{"href":"https:\/\/www.handball-ulm.de\/index.php?rest_route=%2Fwp%2Fv2%2Fmedia&parent=12102"}],"wp:term":[{"taxonomy":"category","embeddable":true,"href":"https:\/\/www.handball-ulm.de\/index.php?rest_route=%2Fwp%2Fv2%2Fcategories&post=12102"},{"taxonomy":"post_tag","embeddable":true,"href":"https:\/\/www.handball-ulm.de\/index.php?rest_route=%2Fwp%2Fv2%2Ftags&post=12102"}],"curies":[{"name":"wp","href":"https:\/\/api.w.org\/{rel}","templated":true}]}}