{"id":12086,"date":"2023-01-29T15:03:00","date_gmt":"2023-01-29T14:03:00","guid":{"rendered":"https:\/\/www.handball-ulm.de\/?p=12086"},"modified":"2023-02-02T17:14:29","modified_gmt":"2023-02-02T16:14:29","slug":"hsg-stuttgart-metzingen-zu-gast-bei-der-weiblichen-c-jugend-in-der-landesliga","status":"publish","type":"post","link":"https:\/\/www.handball-ulm.de\/?p=12086","title":{"rendered":"HSG Stuttgart-Metzingen zu Gast bei der weiblichen C-Jugend in der Landesliga"},"content":{"rendered":"\n<figure class=\"wp-block-image size-large\"><img loading=\"lazy\" decoding=\"async\" width=\"577\" height=\"484\" src=\"https:\/\/www.handball-ulm.de\/wp-content\/uploads\/2023\/02\/WhatsApp-Image-2023-01-31-at-18.59.24.jpeg\" alt=\"\" class=\"wp-image-12100\" srcset=\"https:\/\/www.handball-ulm.de\/wp-content\/uploads\/2023\/02\/WhatsApp-Image-2023-01-31-at-18.59.24.jpeg 577w, https:\/\/www.handball-ulm.de\/wp-content\/uploads\/2023\/02\/WhatsApp-Image-2023-01-31-at-18.59.24-300x252.jpeg 300w\" sizes=\"(max-width: 577px) 100vw, 577px\" \/><\/figure>\n\n\n\n<p>Sonntag, 29.01.2023 13:30 Uhr macht sich die weibliche C-Jugend der SG Ulm &amp; Wiblingen bereit, das Hinspiel in Stuttgart vergessen zu lassen.<br>Eine gewisse Nervosit\u00e4t ist sp\u00fcrbar, aber auch der unb\u00e4ndige Wille, dass hier und heute nur ein Sieg hermuss.<br>Der Begr\u00fc\u00dfungshandschlag war dann auch die letzte Nettigkeit, die unter den Spielerinnen ausgetauscht wurde.<br>Die SG begann nerv\u00f6s und schwach und lag nach 6 min mit 1:4 hinten. Eine Umstellung in der Aufstellung brachte z\u00fcgig Abhilfe. <br>Ausgleich und Auszeit Stuttgart.<br>Ab dann kam Stuttgart nie wieder in F\u00fchrung. Da half auch keine Manndeckung auf Sanne und Lotte \u00fcber die komplette 2. Halbzeit hinweg. Die anderen Ulmer M\u00e4dchen k\u00f6nnen ebenso Handball spielen und hatten nun auch noch gen\u00fcgend Platz. Sanne und Lotte trafen trotzdem und Annika drehte richtig auf. Unsere Abwehr um Aure und Magda stand. Was sonst noch durchkam, hatte unsere Torh\u00fcterin Saskia. <br>Alle Ulmerinnen konnten sich in die Torsch\u00fctzenliste eintragen. Insgesamt konnte das begeisterte Publikum und der extra eingeladene M\u00e4nner1-Fanclub ein solides Spiel sehen.<br>Die Tabellenspitze bleibt auch nach diesem Spiel weiter fest in unserer Hand.<\/p>\n\n\n\n<p>Wir bedanken uns bei unserem Gegner, bei dem Schiri f\u00fcr die Leitung des Spiels und bei unserem Publikum f\u00fcr die Unterst\u00fctzung.<\/p>\n\n\n\n<figure class=\"wp-block-video\"><video controls src=\"https:\/\/www.handball-ulm.de\/wp-content\/uploads\/2023\/01\/wc1_Stuttgart.mp4\"><\/video><\/figure>\n","protected":false},"excerpt":{"rendered":"<p>Ein R\u00fcckspiel vor gro\u00dfem Publikum<\/p>\n<br\/><br\/><a class=\"read-more\" href=\"https:\/\/www.handball-ulm.de\/?p=12086\"> Mehr lesen...<\/a>","protected":false},"author":10,"featured_media":12087,"comment_status":"closed","ping_status":"closed","sticky":false,"template":"","format":"standard","meta":{"ngg_post_thumbnail":0,"footnotes":""},"categories":[80,63,20],"tags":[],"_links":{"self":[{"href":"https:\/\/www.handball-ulm.de\/index.php?rest_route=\/wp\/v2\/posts\/12086"}],"collection":[{"href":"https:\/\/www.handball-ulm.de\/index.php?rest_route=\/wp\/v2\/posts"}],"about":[{"href":"https:\/\/www.handball-ulm.de\/index.php?rest_route=\/wp\/v2\/types\/post"}],"author":[{"embeddable":true,"href":"https:\/\/www.handball-ulm.de\/index.php?rest_route=\/wp\/v2\/users\/10"}],"replies":[{"embeddable":true,"href":"https:\/\/www.handball-ulm.de\/index.php?rest_route=%2Fwp%2Fv2%2Fcomments&post=12086"}],"version-history":[{"count":10,"href":"https:\/\/www.handball-ulm.de\/index.php?rest_route=\/wp\/v2\/posts\/12086\/revisions"}],"predecessor-version":[{"id":12101,"href":"https:\/\/www.handball-ulm.de\/index.php?rest_route=\/wp\/v2\/posts\/12086\/revisions\/12101"}],"wp:featuredmedia":[{"embeddable":true,"href":"https:\/\/www.handball-ulm.de\/index.php?rest_route=\/wp\/v2\/media\/12087"}],"wp:attachment":[{"href":"https:\/\/www.handball-ulm.de\/index.php?rest_route=%2Fwp%2Fv2%2Fmedia&parent=12086"}],"wp:term":[{"taxonomy":"category","embeddable":true,"href":"https:\/\/www.handball-ulm.de\/index.php?rest_route=%2Fwp%2Fv2%2Fcategories&post=12086"},{"taxonomy":"post_tag","embeddable":true,"href":"https:\/\/www.handball-ulm.de\/index.php?rest_route=%2Fwp%2Fv2%2Ftags&post=12086"}],"curies":[{"name":"wp","href":"https:\/\/api.w.org\/{rel}","templated":true}]}}