{"id":12082,"date":"2023-01-14T22:36:00","date_gmt":"2023-01-14T21:36:00","guid":{"rendered":"https:\/\/www.handball-ulm.de\/?p=12082"},"modified":"2023-02-01T14:48:24","modified_gmt":"2023-02-01T13:48:24","slug":"rueckrunde-gegen-den-hv-rw-laupheim","status":"publish","type":"post","link":"https:\/\/www.handball-ulm.de\/?p=12082","title":{"rendered":"R\u00fcckrunde gegen den HV RW Laupheim"},"content":{"rendered":"\n<p>Ach ja, was l\u00e4sst eine Hinrunde wohl sch\u00f6ner ausklingen als eine sch\u00f6ne Wochenendfahrt auf eine H\u00fctte? Richtig. Und wenn in der Winterpause auch noch die Weihnachtsfeier der Aktiven stattfindet. In diesen insgesamt 4 wundersch\u00f6nen, berauschenden Tagen ist uns allen wieder mal klar geworden, dass es uns nicht nur um einen Sieg geht.<\/p>\n\n\n\n<p>Wir wollen ein Gef\u00fchl von Gemeinschaft in jeder Lebenssituation und da ist es sch\u00f6n, den Handball an seiner Seite zu wissen. Handball liegt irgendwo zwischen harter Rauferei auf dem Feld und tiefgr\u00fcndigen Gespr\u00e4chen abseits der Platte. Und mit dieser Leidenschaft wollten wir die Hinrunde mit ihren H\u00f6hen und Tiefen abschlie\u00dfen und die R\u00fcckrunde angreifen.<\/p>\n\n\n\n<p>Ach ja, Laupheim, wieder mal Laupheim. Nach der blamierenden Niederlage von 35:33 im Hinspiel mussten die Ulmer mal zeigen, wo der Hammer h\u00e4ngt. Und das taten sie schlussendlich auch.<\/p>\n\n\n\n<p>Am Samstag, dem 14.01.2023 um 20:30 Uhr konnte die SG um die 70 Zuschauer in der Halle begr\u00fc\u00dfen. Nach Anpfiff des Schiedsrichters war der Start f\u00fcr beide Seiten etwas holprig. So konnten die Ulmer erst nach \u00fcber 4 Minuten das 1:0 werfen. \u2013 Oh Mann, wenn das so weiter geht, dann werden das langatmige 60 Minuten.- Doch zum Gl\u00fcck von Tor zu Tor verk\u00fcrzen sich die Torwurfperioden, bis die Ulmer in der 19. Minute schlie\u00dflich einen Zwischenstand von 12:3 verzeichnen konnten. Dieser Vorsprung konnte dank guten Angriffs, Abwehr und Torwartleistung bis zur Halbzeitpause gut gehalten werden. Zwischenstand 18:8.<\/p>\n\n\n\n<p>Das Spiel der Ulmer \u00fcberzeugte auch in der zweiten Halbzeit. So konnte unser Torsch\u00fctzenk\u00f6nig Jonathan Cremer (Nr.3) eine Torbilanz von 8 Toren f\u00fcr sich verzeichnen. Nach Abpfiff konnten die Ulmer daheim einen Endstand von 35:16 verbuchen und (fast) alles ausgleichen, was in der Hinrunde so sp\u00e4rlich funktionierte.<\/p>\n\n\n\n<p>Danke an den Schiedsrichter, welcher uns ein ausgewogenes und sch\u00f6nes Spieles bescherte. Des Weiteren wollen wir uns sowohl bei den Gegnern aus Laupheim bedanken, welche 60 Minuten lang und dar\u00fcber hinaus eine faire Haltung hielten. Zu guter Letzt folgt selbstverst\u00e4ndlich der Dank an unsere Fans. Auch, wenn es nicht immer das Spiel der Spiele ist, welche wir abhalten, ist es uns eine Freude, euch auf der Trib\u00fcne zu sehen.<\/p>\n\n\n\n<figure class=\"wp-block-image size-large\"><img loading=\"lazy\" decoding=\"async\" width=\"1024\" height=\"730\" src=\"https:\/\/www.handball-ulm.de\/wp-content\/uploads\/2023\/02\/Screenshot-436-1024x730.png\" alt=\"\" class=\"wp-image-12083\" srcset=\"https:\/\/www.handball-ulm.de\/wp-content\/uploads\/2023\/02\/Screenshot-436-1024x730.png 1024w, https:\/\/www.handball-ulm.de\/wp-content\/uploads\/2023\/02\/Screenshot-436-300x214.png 300w, https:\/\/www.handball-ulm.de\/wp-content\/uploads\/2023\/02\/Screenshot-436-768x547.png 768w, https:\/\/www.handball-ulm.de\/wp-content\/uploads\/2023\/02\/Screenshot-436.png 1054w\" sizes=\"(max-width: 1024px) 100vw, 1024px\" \/><\/figure>\n","protected":false},"excerpt":{"rendered":"<p>H\u00fctten und Feiern<\/p>\n<br\/><br\/><a class=\"read-more\" href=\"https:\/\/www.handball-ulm.de\/?p=12082\"> Mehr lesen...<\/a>","protected":false},"author":10,"featured_media":12083,"comment_status":"closed","ping_status":"closed","sticky":false,"template":"","format":"standard","meta":{"ngg_post_thumbnail":0,"footnotes":""},"categories":[80,11,63],"tags":[],"_links":{"self":[{"href":"https:\/\/www.handball-ulm.de\/index.php?rest_route=\/wp\/v2\/posts\/12082"}],"collection":[{"href":"https:\/\/www.handball-ulm.de\/index.php?rest_route=\/wp\/v2\/posts"}],"about":[{"href":"https:\/\/www.handball-ulm.de\/index.php?rest_route=\/wp\/v2\/types\/post"}],"author":[{"embeddable":true,"href":"https:\/\/www.handball-ulm.de\/index.php?rest_route=\/wp\/v2\/users\/10"}],"replies":[{"embeddable":true,"href":"https:\/\/www.handball-ulm.de\/index.php?rest_route=%2Fwp%2Fv2%2Fcomments&post=12082"}],"version-history":[{"count":2,"href":"https:\/\/www.handball-ulm.de\/index.php?rest_route=\/wp\/v2\/posts\/12082\/revisions"}],"predecessor-version":[{"id":12085,"href":"https:\/\/www.handball-ulm.de\/index.php?rest_route=\/wp\/v2\/posts\/12082\/revisions\/12085"}],"wp:featuredmedia":[{"embeddable":true,"href":"https:\/\/www.handball-ulm.de\/index.php?rest_route=\/wp\/v2\/media\/12083"}],"wp:attachment":[{"href":"https:\/\/www.handball-ulm.de\/index.php?rest_route=%2Fwp%2Fv2%2Fmedia&parent=12082"}],"wp:term":[{"taxonomy":"category","embeddable":true,"href":"https:\/\/www.handball-ulm.de\/index.php?rest_route=%2Fwp%2Fv2%2Fcategories&post=12082"},{"taxonomy":"post_tag","embeddable":true,"href":"https:\/\/www.handball-ulm.de\/index.php?rest_route=%2Fwp%2Fv2%2Ftags&post=12082"}],"curies":[{"name":"wp","href":"https:\/\/api.w.org\/{rel}","templated":true}]}}