{"id":12078,"date":"2023-01-21T20:18:00","date_gmt":"2023-01-21T19:18:00","guid":{"rendered":"https:\/\/www.handball-ulm.de\/?p=12078"},"modified":"2023-02-01T14:32:56","modified_gmt":"2023-02-01T13:32:56","slug":"testspiel-in-weiss","status":"publish","type":"post","link":"https:\/\/www.handball-ulm.de\/?p=12078","title":{"rendered":"Testspiel in wei\u00df?"},"content":{"rendered":"\n<p>Ob dieser Bericht es \u00fcberhaupt wert ist, geschrieben zu werden?<\/p>\n\n\n\n<p>Naja, fangen wir am Anfang an. Mit der Fertigstellung der Allg\u00e4utorhalle im Fr\u00fchjahr 2010 war ein Fluch geboren. Interessant: im selben Jahr waren vor allem die Farbe Flieder und Blaut\u00f6ne angesagt. Man kann sich hier jetzt selbst herdichten, warum eine Halle so viele verschiedene T\u00f6ne an Gelb n\u00f6tig hat. Vielleicht wollte man gegen den Strom schwimmen? Vielleicht gab es eine Knappheit der Trendfarbe und man hat sich kurzerhand dazu entschlossen, die Farbeimer daneben zu nehmen? Es ist und bleibt ein Mythos.<\/p>\n\n\n\n<p>13 Jahre sp\u00e4ter: Samstag, den 21.01.2023 15:40 Uhr Abfahrt Wiblingen. Nicht nur, dass man Jahr f\u00fcr Jahr weniger Lust auf eine Serpentinenfahrt nach Vogt hat, sondern dass die Wetterbedingungen eher \u2026 bescheiden waren. \u2013 Gr\u00fc\u00dfe an unseren Fahrer, welcher einfach gar nicht erst auf die Idee kam, an der Kreuzung rechts abbiegen zu k\u00f6nnen. <\/p>\n\n\n\n<p>Aber gut 18.00 Uhr Anpfiff. Von Minute 1 war bei den Ulmern der Wurm drin. Lag es an einer Mannschaftsaufstellung, welche wir so eher selten sehen? Lag es an den Schwindelgef\u00fchlen der \u00dcbelkeit, wor\u00fcber sich manche beklagten?<\/p>\n\n\n\n<p>Nun denn. Immerhin konnten die Ulmer die F\u00fchrung bis in die 2. Minute halten. Danach folgte eine nahezu parallele Torjagd beider Mannschaften. Mit einem Wechsel zwischen zwei und drei Toren ging der HCL Vogt mit 15:13 in die Halbzeit. Und die Herren der SG? Nun. Was in der Kabine f\u00fcr Geheimnisse erz\u00e4hlt wurden, war nach der Ansage des Trainers in ganz Vogt bekannt. Daf\u00fcr h\u00e4tte man nicht einmal in der Halle sein m\u00fcssen. Kurz gesagt: Es war laut. SEHR laut. Es fehlte das Feuer, der Biss, der Spielwitz.<\/p>\n\n\n\n<p>Leider m\u00fcssen wir berichten, dass wir in der zweiten Halbzeit weder das Feuer entfachen, noch den Spielwitz zeigen konnten. Gesamt gesprochen hatte die SG viele Aktionen der Torh\u00fcter im R\u00fccken, welche dazu f\u00fchrten, dass wir dieses Spiel \u201enur\u201c mit 30:27 verlieren mussten.<\/p>\n\n\n\n<p>Abschlie\u00dfend l\u00e4sst sich sagen, dass es sich bei diesem Spiel um 100% Eigenverschulden der Ulmer handelte. <br>Herzlichen Gl\u00fcckwunsch an den HCL Vogt, welcher fair und ehrlich und vollkommen verdient diese zwei Punkte f\u00fcr sich beanspruchen durfte.<\/p>\n","protected":false},"excerpt":{"rendered":"<p>Trendfarben und andere \u00dcberlegungen<\/p>\n<br\/><br\/><a class=\"read-more\" href=\"https:\/\/www.handball-ulm.de\/?p=12078\"> Mehr lesen...<\/a>","protected":false},"author":10,"featured_media":12080,"comment_status":"closed","ping_status":"closed","sticky":false,"template":"","format":"standard","meta":{"ngg_post_thumbnail":0,"footnotes":""},"categories":[80,11,63],"tags":[],"_links":{"self":[{"href":"https:\/\/www.handball-ulm.de\/index.php?rest_route=\/wp\/v2\/posts\/12078"}],"collection":[{"href":"https:\/\/www.handball-ulm.de\/index.php?rest_route=\/wp\/v2\/posts"}],"about":[{"href":"https:\/\/www.handball-ulm.de\/index.php?rest_route=\/wp\/v2\/types\/post"}],"author":[{"embeddable":true,"href":"https:\/\/www.handball-ulm.de\/index.php?rest_route=\/wp\/v2\/users\/10"}],"replies":[{"embeddable":true,"href":"https:\/\/www.handball-ulm.de\/index.php?rest_route=%2Fwp%2Fv2%2Fcomments&post=12078"}],"version-history":[{"count":2,"href":"https:\/\/www.handball-ulm.de\/index.php?rest_route=\/wp\/v2\/posts\/12078\/revisions"}],"predecessor-version":[{"id":12081,"href":"https:\/\/www.handball-ulm.de\/index.php?rest_route=\/wp\/v2\/posts\/12078\/revisions\/12081"}],"wp:featuredmedia":[{"embeddable":true,"href":"https:\/\/www.handball-ulm.de\/index.php?rest_route=\/wp\/v2\/media\/12080"}],"wp:attachment":[{"href":"https:\/\/www.handball-ulm.de\/index.php?rest_route=%2Fwp%2Fv2%2Fmedia&parent=12078"}],"wp:term":[{"taxonomy":"category","embeddable":true,"href":"https:\/\/www.handball-ulm.de\/index.php?rest_route=%2Fwp%2Fv2%2Fcategories&post=12078"},{"taxonomy":"post_tag","embeddable":true,"href":"https:\/\/www.handball-ulm.de\/index.php?rest_route=%2Fwp%2Fv2%2Ftags&post=12078"}],"curies":[{"name":"wp","href":"https:\/\/api.w.org\/{rel}","templated":true}]}}