{"id":12044,"date":"2023-01-30T18:59:17","date_gmt":"2023-01-30T17:59:17","guid":{"rendered":"https:\/\/www.handball-ulm.de\/?p=12044"},"modified":"2023-01-30T19:00:51","modified_gmt":"2023-01-30T18:00:51","slug":"unsere-kleinsten-sind-im-fernsehen","status":"publish","type":"post","link":"https:\/\/www.handball-ulm.de\/?p=12044","title":{"rendered":"Unsere Kleinsten sind im Fernsehen"},"content":{"rendered":"\n<p>Gestern ist die Handball-Weltmeisterschaft zu Ende gegangen. D\u00e4nemark hat sich den Titel geholt und die Deutsche Mannschaft das Spiel um Platz 5 gegen Norwegen gewonnen. Was die gro\u00dfen Vorbilder schon gut k\u00f6nnen, m\u00fcssen die kleinen Nachwuchsspieler erst noch lernen. Au\u00dferdem macht Bewegung macht Spa\u00df und ist wichtig vor allem f\u00fcr Kinder. Um dem Bewegungsdrang von Kindern gerecht zu werden und um rechtzeitig f\u00fcr Nachwuchs zu sorgen, bieten inzwischen viele Sportvereine schon f\u00fcr die ganz Kleinen Trainingsstunden an. So zum Beispiel die Spielgemeinschaft Ulm &amp; Wiblingen. Als einer von wenigen Handballvereinen in der Region k\u00f6nnen hier schon Dreij\u00e4hrige zum Training kommen. Der Trainingswille ist auf jeden Fall auch bei den ganz kleinen Handballern schon da. Ja und bei so viel Trainingseinsatz, da brauchen wir uns um die Zukunft des deutschen Handballsports ja keine Sorgen zu machen<\/p>\n\n\n\n<figure class=\"wp-block-image size-large\"><a href=\"https:\/\/www.regio-tv.de\/mediathek\/video\/quirliger-handballnachwuchs\/\" target=\"_blank\" rel=\"noopener noreferrer\"><img loading=\"lazy\" decoding=\"async\" width=\"1024\" height=\"683\" src=\"https:\/\/www.handball-ulm.de\/wp-content\/uploads\/2023\/01\/IMG_9182-1024x683.jpg\" alt=\"\" class=\"wp-image-12045\" srcset=\"https:\/\/www.handball-ulm.de\/wp-content\/uploads\/2023\/01\/IMG_9182-1024x683.jpg 1024w, https:\/\/www.handball-ulm.de\/wp-content\/uploads\/2023\/01\/IMG_9182-300x200.jpg 300w, https:\/\/www.handball-ulm.de\/wp-content\/uploads\/2023\/01\/IMG_9182-768x512.jpg 768w, https:\/\/www.handball-ulm.de\/wp-content\/uploads\/2023\/01\/IMG_9182-600x400.jpg 600w, https:\/\/www.handball-ulm.de\/wp-content\/uploads\/2023\/01\/IMG_9182-1536x1024.jpg 1536w, https:\/\/www.handball-ulm.de\/wp-content\/uploads\/2023\/01\/IMG_9182-1170x780.jpg 1170w, https:\/\/www.handball-ulm.de\/wp-content\/uploads\/2023\/01\/IMG_9182.jpg 1800w\" sizes=\"(max-width: 1024px) 100vw, 1024px\" \/><\/a><\/figure>\n\n\n\n<figure class=\"wp-block-image size-large\"><a href=\"https:\/\/www.regio-tv.de\/mediathek\/video\/quirliger-handballnachwuchs\/\" target=\"_blank\" rel=\"noopener noreferrer\"><img loading=\"lazy\" decoding=\"async\" width=\"300\" height=\"168\" src=\"https:\/\/www.handball-ulm.de\/wp-content\/uploads\/2023\/01\/index-1.png\" alt=\"\" class=\"wp-image-12046\"\/><\/a><\/figure>\n","protected":false},"excerpt":{"rendered":"<p>Kleine Handballkinder kommen gro\u00df raus.<\/p>\n<br\/><br\/><a class=\"read-more\" href=\"https:\/\/www.handball-ulm.de\/?p=12044\"> Mehr lesen...<\/a>","protected":false},"author":10,"featured_media":12046,"comment_status":"closed","ping_status":"closed","sticky":false,"template":"","format":"standard","meta":{"ngg_post_thumbnail":0,"footnotes":""},"categories":[80,73,63],"tags":[],"_links":{"self":[{"href":"https:\/\/www.handball-ulm.de\/index.php?rest_route=\/wp\/v2\/posts\/12044"}],"collection":[{"href":"https:\/\/www.handball-ulm.de\/index.php?rest_route=\/wp\/v2\/posts"}],"about":[{"href":"https:\/\/www.handball-ulm.de\/index.php?rest_route=\/wp\/v2\/types\/post"}],"author":[{"embeddable":true,"href":"https:\/\/www.handball-ulm.de\/index.php?rest_route=\/wp\/v2\/users\/10"}],"replies":[{"embeddable":true,"href":"https:\/\/www.handball-ulm.de\/index.php?rest_route=%2Fwp%2Fv2%2Fcomments&post=12044"}],"version-history":[{"count":2,"href":"https:\/\/www.handball-ulm.de\/index.php?rest_route=\/wp\/v2\/posts\/12044\/revisions"}],"predecessor-version":[{"id":12048,"href":"https:\/\/www.handball-ulm.de\/index.php?rest_route=\/wp\/v2\/posts\/12044\/revisions\/12048"}],"wp:featuredmedia":[{"embeddable":true,"href":"https:\/\/www.handball-ulm.de\/index.php?rest_route=\/wp\/v2\/media\/12046"}],"wp:attachment":[{"href":"https:\/\/www.handball-ulm.de\/index.php?rest_route=%2Fwp%2Fv2%2Fmedia&parent=12044"}],"wp:term":[{"taxonomy":"category","embeddable":true,"href":"https:\/\/www.handball-ulm.de\/index.php?rest_route=%2Fwp%2Fv2%2Fcategories&post=12044"},{"taxonomy":"post_tag","embeddable":true,"href":"https:\/\/www.handball-ulm.de\/index.php?rest_route=%2Fwp%2Fv2%2Ftags&post=12044"}],"curies":[{"name":"wp","href":"https:\/\/api.w.org\/{rel}","templated":true}]}}