{"id":1203,"date":"2019-06-02T20:31:22","date_gmt":"2019-06-02T18:31:22","guid":{"rendered":"https:\/\/www.handball-ulm.de\/?p=1203"},"modified":"2019-06-16T08:00:24","modified_gmt":"2019-06-16T06:00:24","slug":"maenner-1-abschlussbericht-saison-18-19","status":"publish","type":"post","link":"https:\/\/www.handball-ulm.de\/?p=1203","title":{"rendered":"M\u00e4nner 1: ABSCHLUSSBERICHT SAISON 18\/19"},"content":{"rendered":"<p>Mit viel Vorfreude und einem stark ver\u00e4ndertem Gesicht ging die 1. Herrenmannschaft der SG Ulm\/Wiblingen in die neue Bezirksliga Saison. Ein Platz im oberen Drittel sollte es sein und das mit schnellem und attraktivem Handball. Soweit die Vorgabe des Vereinsvorstands, was sich anhand des auf mehreren Positionen verst\u00e4rkten Kaders auch als machbare Aufgabe anbot.<\/p>\n<p>Eine harte Vorbereitungsphase mit vorwiegend h\u00f6herklassigen Testspielgegnern und einem abschlie\u00dfenden Trainingslager im Kraichtal schaffte die Grundlage f\u00fcr eine gute Runde. Die Mannschaft um Kapit\u00e4n Christoph Wolfert, dessen Abschiedssaison es werden sollte, setzte die Spielidee des neuen Trainers, Andreas Bodschwinna, gut um und zeigte gleich beim ersten Ausw\u00e4rtsspiel einen verdienten Sieg gegen Aufsteiger Leutkirch.<\/p>\n<p>Dieser Erfolg auf fremden Boden sollte jedoch der letzte f\u00fcr lange Zeit bleiben. So spielerisch und temporeich die Heimsiege mit teilweise \u00fcber 10 Toren Unterschied gewonnen wurden, so deutlich wurden nahezu alle Ausw\u00e4rtsspiele verloren. Hier beginnt leider wieder die kontroverse Diskussion \u00fcber das (un)beliebte Harz. Von den Spielen ohne Harz wurden nur zwei knapp verloren, bei den Partien mit Harz lediglich eins sehr knapp gewonnen. Ob es hier in naher Zukunft eine \u00c4nderung gibt, bleibt abzuwarten.<\/p>\n<p>Aufgrund der sehr ausgeglichenen Liga standen die M\u00e4nner um Goalgetter Marcel Bart bis zum vorletzten Spieltag auf Platz 2, hinter dem letztlich verdienten Wiederaufsteiger aus Friedrichshafen. Durch zwei verlorene Ausw\u00e4rtsspiele wurde man jedoch auf den 5. Platz durchgereicht, wodurch das gesetzte Saisonziel Platz 4 oder besser leider verpasst wurde. Das tr\u00fcbte die Stimmung der Mannschaft erheblich und schm\u00e4lert die gr\u00f6\u00dftenteils sehr guten Leistungen in heimischer Halle.<\/p>\n<p>Kadertechnisch \u00e4ndert sich f\u00fcr die kommende Saison einiges. Neben dem Karriereende von Kapit\u00e4n Wolfert werden ein paar Spieler studienbedingt eine kurze bis mittellange Pause aufgrund von Auslandssemestern einlegen. Verst\u00e4rkt wird der Kader durch Andreas M\u00fcller aus der eigenen Jugend, R\u00fcckkehrer Patrick Miller und eventuell auch noch durch den einen oder anderen Neuzugang.<\/p>\n<p>Zun\u00e4chst genie\u00dft die Mannschaft jetzt erstmal die wohlverdiente Sommerpause und im Juni geht es dann wieder in die Vorbereitung auf die neue Saison mit unver\u00e4ndertem Ziel mittelfristig die Landesliga zu erreichen.<\/p>\n<p>Eure Erste<\/p>\n","protected":false},"excerpt":{"rendered":"<p>Mit viel Vorfreude und einem stark ver\u00e4ndertem Gesicht ging die 1. Herrenmannschaft der SG Ulm\/Wiblingen in die neue Bezirksliga Saison. Ein Platz im oberen Drittel sollte es sein und das mit schnellem und attraktivem Handball. Soweit die Vorgabe des Vereinsvorstands, was sich anhand des auf mehreren Positionen verst\u00e4rkten Kaders auch als machbare Aufgabe anbot. Eine [&hellip;]<\/p>\n<br\/><br\/><a class=\"read-more\" href=\"https:\/\/www.handball-ulm.de\/?p=1203\"> Mehr lesen...<\/a>","protected":false},"author":9,"featured_media":0,"comment_status":"closed","ping_status":"closed","sticky":false,"template":"","format":"standard","meta":{"ngg_post_thumbnail":0,"footnotes":""},"categories":[11,63],"tags":[],"_links":{"self":[{"href":"https:\/\/www.handball-ulm.de\/index.php?rest_route=\/wp\/v2\/posts\/1203"}],"collection":[{"href":"https:\/\/www.handball-ulm.de\/index.php?rest_route=\/wp\/v2\/posts"}],"about":[{"href":"https:\/\/www.handball-ulm.de\/index.php?rest_route=\/wp\/v2\/types\/post"}],"author":[{"embeddable":true,"href":"https:\/\/www.handball-ulm.de\/index.php?rest_route=\/wp\/v2\/users\/9"}],"replies":[{"embeddable":true,"href":"https:\/\/www.handball-ulm.de\/index.php?rest_route=%2Fwp%2Fv2%2Fcomments&post=1203"}],"version-history":[{"count":2,"href":"https:\/\/www.handball-ulm.de\/index.php?rest_route=\/wp\/v2\/posts\/1203\/revisions"}],"predecessor-version":[{"id":1210,"href":"https:\/\/www.handball-ulm.de\/index.php?rest_route=\/wp\/v2\/posts\/1203\/revisions\/1210"}],"wp:attachment":[{"href":"https:\/\/www.handball-ulm.de\/index.php?rest_route=%2Fwp%2Fv2%2Fmedia&parent=1203"}],"wp:term":[{"taxonomy":"category","embeddable":true,"href":"https:\/\/www.handball-ulm.de\/index.php?rest_route=%2Fwp%2Fv2%2Fcategories&post=1203"},{"taxonomy":"post_tag","embeddable":true,"href":"https:\/\/www.handball-ulm.de\/index.php?rest_route=%2Fwp%2Fv2%2Ftags&post=1203"}],"curies":[{"name":"wp","href":"https:\/\/api.w.org\/{rel}","templated":true}]}}