{"id":11418,"date":"2022-11-13T19:43:00","date_gmt":"2022-11-13T18:43:00","guid":{"rendered":"https:\/\/www.handball-ulm.de\/?p=11418"},"modified":"2022-11-14T22:24:19","modified_gmt":"2022-11-14T21:24:19","slug":"weibliche-b-jugend-wuerttembergliga","status":"publish","type":"post","link":"https:\/\/www.handball-ulm.de\/?p=11418","title":{"rendered":"Weibliche B-Jugend &#8211; W\u00fcrttembergliga &#8211; K\u00f6ngen"},"content":{"rendered":"\n<p class=\"has-medium-font-size\"><strong>SG Ulm &amp; Wiblingen gegen TSV K\u00f6ngen<\/strong><\/p>\n\n\n\n<figure class=\"wp-block-image size-large\"><img loading=\"lazy\" decoding=\"async\" width=\"1024\" height=\"856\" src=\"https:\/\/www.handball-ulm.de\/wp-content\/uploads\/2022\/11\/WhatsApp-Image-2022-11-13-at-17.24.34-1024x856.jpeg\" alt=\"\" class=\"wp-image-11421\" srcset=\"https:\/\/www.handball-ulm.de\/wp-content\/uploads\/2022\/11\/WhatsApp-Image-2022-11-13-at-17.24.34-1024x856.jpeg 1024w, https:\/\/www.handball-ulm.de\/wp-content\/uploads\/2022\/11\/WhatsApp-Image-2022-11-13-at-17.24.34-300x251.jpeg 300w, https:\/\/www.handball-ulm.de\/wp-content\/uploads\/2022\/11\/WhatsApp-Image-2022-11-13-at-17.24.34-768x642.jpeg 768w, https:\/\/www.handball-ulm.de\/wp-content\/uploads\/2022\/11\/WhatsApp-Image-2022-11-13-at-17.24.34.jpeg 1118w\" sizes=\"(max-width: 1024px) 100vw, 1024px\" \/><\/figure>\n\n\n\n<p>Sonntag, 13.11.2022 16:00Uhr Tannenplatz-Turnhalle in Wiblingen \u2013 zu Gast war das Team von Steffen M\u00fcller und Alicia Schieche des TSV K\u00f6ngen.<\/p>\n\n\n\n<p>Nach dem \u00fcberraschenden Erfolg gegen den TV Weingarten Handball am letzten Wochenende wollten die M\u00e4dels der wB der SG Ulm &amp; Wiblingen das Momentum f\u00fcr sich nutzen und die n\u00e4chsten Punkte in der W\u00fcrttemberg-Liga einfahren.<br>Das Torverh\u00e4ltnis, das der Gegner im Gep\u00e4ck mit dabei hatte, lie\u00df auf ein sehr starkes und offensiv ausgerichtetes Team schlie\u00dfen.<\/p>\n\n\n\n<p>Die Marschroute war somit klar: <br>Engagiertes Gegenhalten gepaart mit absolutem Einsatz in der Verteidigung, um nicht unter die R\u00e4der der Offensivkraft unserer G\u00e4ste zu geraten.<br>Und die G\u00e4ste hielten, was zu erwarten war: sch\u00f6ner, variantenreicher Tempohandball. Diesen nahmen unsere M\u00e4dels zu Beginn sehr gut an, jedoch ab Mitte der ersten Halbzeit mussten wir die G\u00e4ste immer wieder auf bis zu 3 Tore davonziehen lassen. So ging es dann auch beim Stand von 12:15 in die Halbzeit.<\/p>\n\n\n\n<p>Mit frischem Elan und der \u00dcberzeugung, das Spiel noch zu drehen, starteten wir in die zweiten 25min. Doch es ben\u00f6tigte viel Arbeit und ebenso Geduld, bis wir nach rund 10min den R\u00fcckstand auf 1 Tor verringern konnten. Unser Aufb\u00e4umen war sp\u00fcrbar und auch der Anlass f\u00fcr die 1. Auszeit des TSV K\u00f6ngen im Spiel. Unsere M\u00e4dels hatten nun sichtbar Lunte gerochen und hielten das Spiel bis Minute 47 offen. Beim Stand von 26:26 und unserer 3. Auszeit war klar: Wir wollen das Ding gewinnen. Mit diesem Willen und vollem Einsatz gelang es uns, binnen 2min auf 29:26 davonzuziehen. In der letzten Spielminute lie\u00dfen unsere G\u00e4ste noch einmal ihre offensive Klasse aufblitzen und verk\u00fcrzten auf 29:28. Doch das Aufb\u00e4umen kam zu sp\u00e4t und unsere M\u00e4dels t\u00fcteten ihren 4. Sieg im 6. Spiel mit riesengro\u00dfer Freude und Erleichterung ein.<\/p>\n\n\n\n<p>So ist es uns gelungen \u2013 auch gegen wahre Offensivfeuerwerker aus K\u00f6ngen zu bestehen und die n\u00e4chsten 2 Punkte einzusammeln.<br>Gl\u00fcckwunsch und gro\u00dfes Lob an unsere M\u00e4dels zu diesem Achtungserfolg. Sch\u00f6n, dass ihr euch f\u00fcr die harte Arbeit belohnt habt!<\/p>\n\n\n\n<p>Ein mindestens genauso gro\u00dfes Dankesch\u00f6n an alle Zuschauer und Fans, die f\u00fcr eine gro\u00dfartige Heimspielatmosph\u00e4re gesorgt und unser Team so klasse unterst\u00fctzt und angefeuert haben \u2013 das war sensationell!<\/p>\n\n\n\n<figure class=\"wp-block-image size-large\"><img loading=\"lazy\" decoding=\"async\" width=\"1024\" height=\"397\" src=\"https:\/\/www.handball-ulm.de\/wp-content\/uploads\/2022\/11\/WhatsApp-Image-2022-11-13-at-17.24.471-1024x397.jpeg\" alt=\"\" class=\"wp-image-11423\" srcset=\"https:\/\/www.handball-ulm.de\/wp-content\/uploads\/2022\/11\/WhatsApp-Image-2022-11-13-at-17.24.471-1024x397.jpeg 1024w, https:\/\/www.handball-ulm.de\/wp-content\/uploads\/2022\/11\/WhatsApp-Image-2022-11-13-at-17.24.471-300x116.jpeg 300w, https:\/\/www.handball-ulm.de\/wp-content\/uploads\/2022\/11\/WhatsApp-Image-2022-11-13-at-17.24.471-768x298.jpeg 768w, https:\/\/www.handball-ulm.de\/wp-content\/uploads\/2022\/11\/WhatsApp-Image-2022-11-13-at-17.24.471-1170x454.jpeg 1170w, https:\/\/www.handball-ulm.de\/wp-content\/uploads\/2022\/11\/WhatsApp-Image-2022-11-13-at-17.24.471.jpeg 1220w\" sizes=\"(max-width: 1024px) 100vw, 1024px\" \/><\/figure>\n\n\n\n<p>Unser n\u00e4chstes Spiel steigt am Samstag, 19.11.2022 gegen unsere Freunde der TG Biberach. Die Formkurve des Teams von Florian Nowack zeigt eindeutig nach oben und l\u00e4sst auf eine spannende Partie schlie\u00dfen. Anpfiff ist um 14:00Uhr in der Tannenplatzturnhalle.<\/p>\n\n\n\n<figure class=\"wp-block-video\"><video controls src=\"https:\/\/www.handball-ulm.de\/wp-content\/uploads\/2022\/11\/WhatsApp-Video-2022-11-13-at-17.24.47.mp4\"><\/video><\/figure>\n","protected":false},"excerpt":{"rendered":"<p>SG Ulm &amp; Wiblingen gegen TSV K\u00f6ngen Sonntag, 13.11.2022 16:00Uhr Tannenplatz-Turnhalle in Wiblingen \u2013 zu Gast war das Team von Steffen M\u00fcller und Alicia Schieche des TSV K\u00f6ngen. Nach dem \u00fcberraschenden Erfolg gegen den TV Weingarten Handball am letzten Wochenende wollten die M\u00e4dels der wB der SG Ulm &amp; Wiblingen das Momentum f\u00fcr sich nutzen [&hellip;]<\/p>\n<br\/><br\/><a class=\"read-more\" href=\"https:\/\/www.handball-ulm.de\/?p=11418\"> Mehr lesen...<\/a>","protected":false},"author":10,"featured_media":11422,"comment_status":"closed","ping_status":"closed","sticky":false,"template":"","format":"standard","meta":{"ngg_post_thumbnail":0,"footnotes":""},"categories":[80,8,63,18],"tags":[],"_links":{"self":[{"href":"https:\/\/www.handball-ulm.de\/index.php?rest_route=\/wp\/v2\/posts\/11418"}],"collection":[{"href":"https:\/\/www.handball-ulm.de\/index.php?rest_route=\/wp\/v2\/posts"}],"about":[{"href":"https:\/\/www.handball-ulm.de\/index.php?rest_route=\/wp\/v2\/types\/post"}],"author":[{"embeddable":true,"href":"https:\/\/www.handball-ulm.de\/index.php?rest_route=\/wp\/v2\/users\/10"}],"replies":[{"embeddable":true,"href":"https:\/\/www.handball-ulm.de\/index.php?rest_route=%2Fwp%2Fv2%2Fcomments&post=11418"}],"version-history":[{"count":4,"href":"https:\/\/www.handball-ulm.de\/index.php?rest_route=\/wp\/v2\/posts\/11418\/revisions"}],"predecessor-version":[{"id":11500,"href":"https:\/\/www.handball-ulm.de\/index.php?rest_route=\/wp\/v2\/posts\/11418\/revisions\/11500"}],"wp:featuredmedia":[{"embeddable":true,"href":"https:\/\/www.handball-ulm.de\/index.php?rest_route=\/wp\/v2\/media\/11422"}],"wp:attachment":[{"href":"https:\/\/www.handball-ulm.de\/index.php?rest_route=%2Fwp%2Fv2%2Fmedia&parent=11418"}],"wp:term":[{"taxonomy":"category","embeddable":true,"href":"https:\/\/www.handball-ulm.de\/index.php?rest_route=%2Fwp%2Fv2%2Fcategories&post=11418"},{"taxonomy":"post_tag","embeddable":true,"href":"https:\/\/www.handball-ulm.de\/index.php?rest_route=%2Fwp%2Fv2%2Ftags&post=11418"}],"curies":[{"name":"wp","href":"https:\/\/api.w.org\/{rel}","templated":true}]}}